{"id":4454,"date":"2021-04-16T06:59:47","date_gmt":"2021-04-16T06:59:47","guid":{"rendered":"http:\/\/vivresonreve.ch\/?p=4454"},"modified":"2022-02-02T08:55:44","modified_gmt":"2022-02-02T08:55:44","slug":"bilan-de-saison-2021-pour-arnaud","status":"publish","type":"post","link":"https:\/\/vivresonreve.ch\/?p=4454","title":{"rendered":"Bilan de saison 2021 pour Arnaud"},"content":{"rendered":"<p>Bonjour \u00e0 tous,<\/p>\n<p>La saison 2021 est d\u00e9sormais termin\u00e9 et il est temps d&rsquo;en faire le bilan.\u00a0A mes yeux, ce f\u00fbt une tr\u00e8s bonne saison.\u00a0Il ne faut pas oublier que je revenais de blessure. Je suis donc plus que satisfait d\u2019avoir\u00a0rapidement retrouv\u00e9 le\u00a0niveau d\u2019avant, voire un peu mieux. D\u00e8s d\u00e9cembre, tout allait en effet tr\u00e8s bien, ce qui m\u2019a permis de construire sur cette base positive. En super-G, j\u2019avais beaucoup de vitesse m\u00eame si j\u2019ai parfois pris un petit peu trop de risques; il y a eu pas mal de d\u00e9chet, je suis notamment sorti trois en Coupe d\u2019Europe sur sept courses; c&rsquo;est trop&#8230; En descente, il m\u2019a manqu\u00e9 des kilom\u00e8tres \u00e0 l\u2019entra\u00eenement, jusqu\u2019\u00e0 mi-janvier; ensuite, \u00e7a s\u2019est mieux pass\u00e9. Au final, j\u2019ai am\u00e9lior\u00e9 mes classements mondiaux en descente, en super-G et m\u00eame en g\u00e9ant.<\/p>\n<p>La seule petite alerte\u00a0physique est survenue lors de la derni\u00e8re course importante, les finales de Coupe d\u2019Europe \u00e0 Saalbach. Mais mon genou va d\u00e9sormais tr\u00e8s bien, je peux reskier \u00e0 fond. Autrement dit, je serai vraiment pr\u00eat pour les premiers camps d\u2019entra\u00eenement de cet \u00e9t\u00e9. Par ailleurs, j\u2019ai confirm\u00e9 mon statut de cadre B, et je pense avoir progress\u00e9 au sein du groupe. L\u00e0, je lorgne vraiment sur la Coupe du monde. Mon but premier pour l\u2019avenir est d\u2019accumuler de l\u2019exp\u00e9rience sur les pistes de Coupe du monde. Mais si l&rsquo;on veut b\u00e9n\u00e9ficier de ce type d\u2019opportunit\u00e9s, il faut faire preuve de patience.<\/p>\n<p>En ce qui concerne la constitution des groupes d\u2019entra\u00eenement pour la saison prochaine, la d\u00e9cision va vraisemblablement tomber fin avril mais il ne devrait pas y avoir trop de surprises puisque cela fait longtemps que notre groupe n\u2019avait pas enregistr\u00e9 d\u2019aussi bons r\u00e9sultats. Je peux donc imaginer que nous allons poursuivre sur cette voie, avec Alexis Monney, Yannick Chabloz et Josua Mettler.<\/p>\n<p><img loading=\"lazy\" decoding=\"async\" class=\"alignnone size-full wp-image-4455\" src=\"https:\/\/vivresonreve.ch\/wp-content\/uploads\/2021\/04\/445870498_highres.jpg\" alt=\"\" width=\"1024\" height=\"683\" srcset=\"https:\/\/vivresonreve.ch\/wp-content\/uploads\/2021\/04\/445870498_highres.jpg 1024w, https:\/\/vivresonreve.ch\/wp-content\/uploads\/2021\/04\/445870498_highres-600x400.jpg 600w, https:\/\/vivresonreve.ch\/wp-content\/uploads\/2021\/04\/445870498_highres-300x200.jpg 300w, https:\/\/vivresonreve.ch\/wp-content\/uploads\/2021\/04\/445870498_highres-768x512.jpg 768w\" sizes=\"auto, (max-width: 1024px) 100vw, 1024px\" \/><\/p>\n<p>&nbsp;<\/p>\n<p>Merci beaucoup pour votre soutien !<br \/>\nMeilleures salutations sportives. A bient\u00f4t.<\/p>\n<p>Arnaud Boisset<\/p>\n","protected":false},"excerpt":{"rendered":"<p>Bonjour \u00e0 tous, La saison 2021 est d\u00e9sormais termin\u00e9 et il est temps d&rsquo;en faire le bilan.\u00a0A mes yeux, ce f\u00fbt une tr\u00e8s bonne saison.\u00a0Il ne faut pas oublier que je revenais de blessure. Je suis donc plus que satisfait d\u2019avoir\u00a0rapidement retrouv\u00e9 le\u00a0niveau d\u2019avant, voire un peu mieux. D\u00e8s d\u00e9cembre, tout allait en effet tr\u00e8s [&hellip;]<\/p>\n","protected":false},"author":2,"featured_media":0,"comment_status":"closed","ping_status":"closed","sticky":true,"template":"","format":"standard","meta":{"_et_pb_use_builder":"","_et_pb_old_content":"","_et_gb_content_width":"","footnotes":""},"categories":[30],"tags":[],"class_list":["post-4454","post","type-post","status-publish","format-standard","hentry","category-arnaud-boisset"],"_links":{"self":[{"href":"https:\/\/vivresonreve.ch\/index.php?rest_route=\/wp\/v2\/posts\/4454","targetHints":{"allow":["GET"]}}],"collection":[{"href":"https:\/\/vivresonreve.ch\/index.php?rest_route=\/wp\/v2\/posts"}],"about":[{"href":"https:\/\/vivresonreve.ch\/index.php?rest_route=\/wp\/v2\/types\/post"}],"author":[{"embeddable":true,"href":"https:\/\/vivresonreve.ch\/index.php?rest_route=\/wp\/v2\/users\/2"}],"replies":[{"embeddable":true,"href":"https:\/\/vivresonreve.ch\/index.php?rest_route=%2Fwp%2Fv2%2Fcomments&post=4454"}],"version-history":[{"count":1,"href":"https:\/\/vivresonreve.ch\/index.php?rest_route=\/wp\/v2\/posts\/4454\/revisions"}],"predecessor-version":[{"id":4456,"href":"https:\/\/vivresonreve.ch\/index.php?rest_route=\/wp\/v2\/posts\/4454\/revisions\/4456"}],"wp:attachment":[{"href":"https:\/\/vivresonreve.ch\/index.php?rest_route=%2Fwp%2Fv2%2Fmedia&parent=4454"}],"wp:term":[{"taxonomy":"category","embeddable":true,"href":"https:\/\/vivresonreve.ch\/index.php?rest_route=%2Fwp%2Fv2%2Fcategories&post=4454"},{"taxonomy":"post_tag","embeddable":true,"href":"https:\/\/vivresonreve.ch\/index.php?rest_route=%2Fwp%2Fv2%2Ftags&post=4454"}],"curies":[{"name":"wp","href":"https:\/\/api.w.org\/{rel}","templated":true}]}}