{"id":4438,"date":"2021-03-05T10:31:36","date_gmt":"2021-03-05T10:31:36","guid":{"rendered":"http:\/\/vivresonreve.ch\/?p=4438"},"modified":"2022-02-02T08:55:44","modified_gmt":"2022-02-02T08:55:44","slug":"debut-de-saison-pour-guillaume","status":"publish","type":"post","link":"https:\/\/vivresonreve.ch\/?p=4438","title":{"rendered":"D\u00e9but de saison pour Guillaume"},"content":{"rendered":"<p>Bonjour,<\/p>\n<p>voici deux petits articles parus dans La Libert\u00e9 et La Gruy\u00e8re sur mon d\u00e9but de saison.<\/p>\n<p>Merci, \u00e0 bient\u00f4t.<\/p>\n<p>&nbsp;<\/p>\n<p><strong>Cliquez sur les images pour lire les articles !<\/strong><\/p>\n<p>&nbsp;<\/p>\n<p>&nbsp;<\/p>\n<p><a href=\"https:\/\/www.laliberte.ch\/news\/sports\/cyclisme\/montrer-que-j-ai-ma-place-596708\" target=\"_blank\" rel=\"noopener noreferrer\"><img loading=\"lazy\" decoding=\"async\" class=\"alignleft wp-image-4439 size-full\" src=\"https:\/\/vivresonreve.ch\/wp-content\/uploads\/2021\/03\/PHOTO-2021-03-05-07-43-11.jpg\" alt=\"\" width=\"719\" height=\"740\" srcset=\"https:\/\/vivresonreve.ch\/wp-content\/uploads\/2021\/03\/PHOTO-2021-03-05-07-43-11.jpg 719w, https:\/\/vivresonreve.ch\/wp-content\/uploads\/2021\/03\/PHOTO-2021-03-05-07-43-11-600x618.jpg 600w, https:\/\/vivresonreve.ch\/wp-content\/uploads\/2021\/03\/PHOTO-2021-03-05-07-43-11-291x300.jpg 291w\" sizes=\"auto, (max-width: 719px) 100vw, 719px\" \/><\/a><a href=\"https:\/\/www.lagruyere.ch\/2021\/03\/\u00abje-sais-ce-que-je-dois-faire-pour-r\u00e9ussir\u00bb.html?ref=1\" target=\"_blank\" rel=\"noopener noreferrer\"><img loading=\"lazy\" decoding=\"async\" class=\"alignnone wp-image-4440 size-full\" src=\"https:\/\/vivresonreve.ch\/wp-content\/uploads\/2021\/03\/Scan-02-mars-21-\u00b7-12\u00b720\u00b742.jpg\" alt=\"\" width=\"1671\" height=\"1826\" srcset=\"https:\/\/vivresonreve.ch\/wp-content\/uploads\/2021\/03\/Scan-02-mars-21-\u00b7-12\u00b720\u00b742.jpg 1671w, https:\/\/vivresonreve.ch\/wp-content\/uploads\/2021\/03\/Scan-02-mars-21-\u00b7-12\u00b720\u00b742-600x656.jpg 600w, https:\/\/vivresonreve.ch\/wp-content\/uploads\/2021\/03\/Scan-02-mars-21-\u00b7-12\u00b720\u00b742-275x300.jpg 275w, https:\/\/vivresonreve.ch\/wp-content\/uploads\/2021\/03\/Scan-02-mars-21-\u00b7-12\u00b720\u00b742-768x839.jpg 768w, https:\/\/vivresonreve.ch\/wp-content\/uploads\/2021\/03\/Scan-02-mars-21-\u00b7-12\u00b720\u00b742-937x1024.jpg 937w, https:\/\/vivresonreve.ch\/wp-content\/uploads\/2021\/03\/Scan-02-mars-21-\u00b7-12\u00b720\u00b742-1080x1180.jpg 1080w\" sizes=\"auto, (max-width: 1671px) 100vw, 1671px\" \/><\/a><\/p>\n","protected":false},"excerpt":{"rendered":"<p>Bonjour, voici deux petits articles parus dans La Libert\u00e9 et La Gruy\u00e8re sur mon d\u00e9but de saison. Merci, \u00e0 bient\u00f4t. &nbsp; Cliquez sur les images pour lire les articles ! &nbsp; &nbsp;<\/p>\n","protected":false},"author":2,"featured_media":0,"comment_status":"closed","ping_status":"closed","sticky":true,"template":"","format":"standard","meta":{"_et_pb_use_builder":"","_et_pb_old_content":"","_et_gb_content_width":"","footnotes":""},"categories":[11,33],"tags":[],"class_list":["post-4438","post","type-post","status-publish","format-standard","hentry","category-association","category-guillaume-gachet"],"_links":{"self":[{"href":"https:\/\/vivresonreve.ch\/index.php?rest_route=\/wp\/v2\/posts\/4438","targetHints":{"allow":["GET"]}}],"collection":[{"href":"https:\/\/vivresonreve.ch\/index.php?rest_route=\/wp\/v2\/posts"}],"about":[{"href":"https:\/\/vivresonreve.ch\/index.php?rest_route=\/wp\/v2\/types\/post"}],"author":[{"embeddable":true,"href":"https:\/\/vivresonreve.ch\/index.php?rest_route=\/wp\/v2\/users\/2"}],"replies":[{"embeddable":true,"href":"https:\/\/vivresonreve.ch\/index.php?rest_route=%2Fwp%2Fv2%2Fcomments&post=4438"}],"version-history":[{"count":3,"href":"https:\/\/vivresonreve.ch\/index.php?rest_route=\/wp\/v2\/posts\/4438\/revisions"}],"predecessor-version":[{"id":4443,"href":"https:\/\/vivresonreve.ch\/index.php?rest_route=\/wp\/v2\/posts\/4438\/revisions\/4443"}],"wp:attachment":[{"href":"https:\/\/vivresonreve.ch\/index.php?rest_route=%2Fwp%2Fv2%2Fmedia&parent=4438"}],"wp:term":[{"taxonomy":"category","embeddable":true,"href":"https:\/\/vivresonreve.ch\/index.php?rest_route=%2Fwp%2Fv2%2Fcategories&post=4438"},{"taxonomy":"post_tag","embeddable":true,"href":"https:\/\/vivresonreve.ch\/index.php?rest_route=%2Fwp%2Fv2%2Ftags&post=4438"}],"curies":[{"name":"wp","href":"https:\/\/api.w.org\/{rel}","templated":true}]}}