{"id":4436,"date":"2021-03-01T08:14:39","date_gmt":"2021-03-01T08:14:39","guid":{"rendered":"http:\/\/vivresonreve.ch\/?p=4436"},"modified":"2022-02-02T08:55:44","modified_gmt":"2022-02-02T08:55:44","slug":"magnifiques-resultats-pour-charles","status":"publish","type":"post","link":"https:\/\/vivresonreve.ch\/?p=4436","title":{"rendered":"Magnifiques r\u00e9sultats pour Charles"},"content":{"rendered":"<p>Bonjour,<\/p>\n<p>Comme promis, voici les r\u00e9sultats des derniers championnats suisses \u00e9lite en salle:<\/p>\n<p><strong>Samedi:<\/strong><\/p>\n<ul>\n<li><strong>Qualification du 400m (47.16) record personnel\u00a0+ fribourgeois<\/strong><\/li>\n<li><strong>Meilleur temps des qualifi\u00e9s<\/strong><\/li>\n<\/ul>\n<p>&nbsp;<\/p>\n<p><strong>Dimanche:<\/strong><\/p>\n<ul>\n<li><strong>Finale du 400m (46.66) record personnel\u00a0+ fribourgeois<\/strong><\/li>\n<li><strong>1\u00e8re place\u00a0<\/strong><\/li>\n<li><strong>1\u00e8re fois en Suisse sous les 47 secondes depuis 2006 (Pierre Lavanchy 46,92 en 2006)<\/strong><\/li>\n<li><strong>5e meilleure performance de tous les temps sur 400m indoor en Suisse<\/strong><\/li>\n<\/ul>\n<p>&nbsp;<\/p>\n<p>Ce qui me porte \u00e0 la 18e place europ\u00e9enne sur 400m indoor ainsi qu&rsquo;\u00e0 la 52e place mondiale.<\/p>\n<p>Voici le r\u00e9sum\u00e9 de ce week-end et tout ce qu&rsquo;il engendre.<\/p>\n<p>Je vous remercie de votre attention et vous adresse mes meilleures salutations.<\/p>\n<p>Devantay Charles<\/p>\n","protected":false},"excerpt":{"rendered":"<p>Bonjour, Comme promis, voici les r\u00e9sultats des derniers championnats suisses \u00e9lite en salle: Samedi: Qualification du 400m (47.16) record personnel\u00a0+ fribourgeois Meilleur temps des qualifi\u00e9s &nbsp; Dimanche: Finale du 400m (46.66) record personnel\u00a0+ fribourgeois 1\u00e8re place\u00a0 1\u00e8re fois en Suisse sous les 47 secondes depuis 2006 (Pierre Lavanchy 46,92 en 2006) 5e meilleure performance de [&hellip;]<\/p>\n","protected":false},"author":2,"featured_media":0,"comment_status":"closed","ping_status":"closed","sticky":true,"template":"","format":"standard","meta":{"_et_pb_use_builder":"","_et_pb_old_content":"","_et_gb_content_width":"","footnotes":""},"categories":[11,34],"tags":[],"class_list":["post-4436","post","type-post","status-publish","format-standard","hentry","category-association","category-charles-devantay"],"_links":{"self":[{"href":"https:\/\/vivresonreve.ch\/index.php?rest_route=\/wp\/v2\/posts\/4436","targetHints":{"allow":["GET"]}}],"collection":[{"href":"https:\/\/vivresonreve.ch\/index.php?rest_route=\/wp\/v2\/posts"}],"about":[{"href":"https:\/\/vivresonreve.ch\/index.php?rest_route=\/wp\/v2\/types\/post"}],"author":[{"embeddable":true,"href":"https:\/\/vivresonreve.ch\/index.php?rest_route=\/wp\/v2\/users\/2"}],"replies":[{"embeddable":true,"href":"https:\/\/vivresonreve.ch\/index.php?rest_route=%2Fwp%2Fv2%2Fcomments&post=4436"}],"version-history":[{"count":1,"href":"https:\/\/vivresonreve.ch\/index.php?rest_route=\/wp\/v2\/posts\/4436\/revisions"}],"predecessor-version":[{"id":4437,"href":"https:\/\/vivresonreve.ch\/index.php?rest_route=\/wp\/v2\/posts\/4436\/revisions\/4437"}],"wp:attachment":[{"href":"https:\/\/vivresonreve.ch\/index.php?rest_route=%2Fwp%2Fv2%2Fmedia&parent=4436"}],"wp:term":[{"taxonomy":"category","embeddable":true,"href":"https:\/\/vivresonreve.ch\/index.php?rest_route=%2Fwp%2Fv2%2Fcategories&post=4436"},{"taxonomy":"post_tag","embeddable":true,"href":"https:\/\/vivresonreve.ch\/index.php?rest_route=%2Fwp%2Fv2%2Ftags&post=4436"}],"curies":[{"name":"wp","href":"https:\/\/api.w.org\/{rel}","templated":true}]}}