{"id":4433,"date":"2021-03-01T08:09:02","date_gmt":"2021-03-01T08:09:02","guid":{"rendered":"http:\/\/vivresonreve.ch\/?p=4433"},"modified":"2022-02-02T08:55:44","modified_gmt":"2022-02-02T08:55:44","slug":"excellente-descente-darnaud","status":"publish","type":"post","link":"https:\/\/vivresonreve.ch\/?p=4433","title":{"rendered":"Excellente descente d&rsquo;Arnaud"},"content":{"rendered":"<p>Bonjour tout le monde,<\/p>\n<p>En d\u00e9but de semaine,\u00a0je me trouvais \u00e0 Sella Nevea en Italie pour disputer les derni\u00e8res coupes d&rsquo;Europe de descente avant les finales.\u00a0Ces coupes d&rsquo;Europe ont b\u00e9n\u00e9fici\u00e9 d\u2019un plateau tr\u00e8s relev\u00e9 : beaucoup de skieurs de Coupe du monde \u00e9taient en effet pr\u00e9sents car les non-s\u00e9lectionn\u00e9s pour Cortina avaient ainsi le moyen de combler un trou dans leur programme. Lors de la premi\u00e8re descente, je me suis class\u00e9 10e \u00e0 58 centi\u00e8mes ; \u00e0 mes yeux, j\u2019ai livr\u00e9 une prestation tr\u00e8s solide, j\u2019ai ski\u00e9 \u00e0 mon niveau, sans commettre d\u2019erreur et en g\u00e9rant la prise de risque. Au final, je suis 2e Suisse. Lors de la deuxi\u00e8me descente, je me suis class\u00e9 15e en perdant 3 dixi\u00e8mes de plus et finissant 3e Suisse. Certes, j\u2019\u00e9tais plus loin que la veille mais si je ne regarde que ma performance, j\u2019en suis satisfait car j\u2019ai r\u00e9alis\u00e9 des manches constantes et rapides.<\/p>\n<p>Suite \u00e0 ces r\u00e9sultats, j\u2019ai \u00e9t\u00e9 s\u00e9lectionn\u00e9 pour participer aux entra\u00eenements en vue des \u00e9preuves de Coupe du monde qui auront lieu \u00e0 Saalbach la semaine prochaine. Nous devrions donc \u00eatre six en qualification en vue des courses, vraisemblablement les m\u00eames qu\u2019\u00e0 Garmisch, \u00e0 savoir Stefan Rogentin, Nils Mani, Gilles Roulin, Lars R\u00f6sti, Yannick Chabloz et moi, afin de d\u00e9crocher les 2 ou 3 places \u00e0 disposition, selon la pr\u00e9sence ou l\u2019absence de Mauro Caviezel.<\/p>\n<p>Il faudra donc skier vite \u00e0 l\u2019entra\u00eenement pour avoir une chance de prendre un d\u00e9part. Mais comme il y aura trois courses (2 descentes et 1 super-G), les opportunit\u00e9s devraient \u00eatre plus importantes qu\u2019\u00e0 Garmisch, o\u00f9 une seule \u00e9preuve \u00e9tait au programme.<\/p>\n<p><img loading=\"lazy\" decoding=\"async\" class=\"alignnone size-full wp-image-4430\" src=\"https:\/\/vivresonreve.ch\/wp-content\/uploads\/2021\/03\/GillesBaron21-00095-2.jpg\" alt=\"\" width=\"1680\" height=\"980\" srcset=\"https:\/\/vivresonreve.ch\/wp-content\/uploads\/2021\/03\/GillesBaron21-00095-2.jpg 1680w, https:\/\/vivresonreve.ch\/wp-content\/uploads\/2021\/03\/GillesBaron21-00095-2-600x350.jpg 600w, https:\/\/vivresonreve.ch\/wp-content\/uploads\/2021\/03\/GillesBaron21-00095-2-300x175.jpg 300w, https:\/\/vivresonreve.ch\/wp-content\/uploads\/2021\/03\/GillesBaron21-00095-2-768x448.jpg 768w, https:\/\/vivresonreve.ch\/wp-content\/uploads\/2021\/03\/GillesBaron21-00095-2-1024x597.jpg 1024w, https:\/\/vivresonreve.ch\/wp-content\/uploads\/2021\/03\/GillesBaron21-00095-2-1080x630.jpg 1080w\" sizes=\"auto, (max-width: 1680px) 100vw, 1680px\" \/><\/p>\n","protected":false},"excerpt":{"rendered":"<p>Bonjour tout le monde, En d\u00e9but de semaine,\u00a0je me trouvais \u00e0 Sella Nevea en Italie pour disputer les derni\u00e8res coupes d&rsquo;Europe de descente avant les finales.\u00a0Ces coupes d&rsquo;Europe ont b\u00e9n\u00e9fici\u00e9 d\u2019un plateau tr\u00e8s relev\u00e9 : beaucoup de skieurs de Coupe du monde \u00e9taient en effet pr\u00e9sents car les non-s\u00e9lectionn\u00e9s pour Cortina avaient ainsi le moyen [&hellip;]<\/p>\n","protected":false},"author":2,"featured_media":0,"comment_status":"closed","ping_status":"closed","sticky":true,"template":"","format":"standard","meta":{"_et_pb_use_builder":"","_et_pb_old_content":"","_et_gb_content_width":"","footnotes":""},"categories":[30,11],"tags":[],"class_list":["post-4433","post","type-post","status-publish","format-standard","hentry","category-arnaud-boisset","category-association"],"_links":{"self":[{"href":"https:\/\/vivresonreve.ch\/index.php?rest_route=\/wp\/v2\/posts\/4433","targetHints":{"allow":["GET"]}}],"collection":[{"href":"https:\/\/vivresonreve.ch\/index.php?rest_route=\/wp\/v2\/posts"}],"about":[{"href":"https:\/\/vivresonreve.ch\/index.php?rest_route=\/wp\/v2\/types\/post"}],"author":[{"embeddable":true,"href":"https:\/\/vivresonreve.ch\/index.php?rest_route=\/wp\/v2\/users\/2"}],"replies":[{"embeddable":true,"href":"https:\/\/vivresonreve.ch\/index.php?rest_route=%2Fwp%2Fv2%2Fcomments&post=4433"}],"version-history":[{"count":1,"href":"https:\/\/vivresonreve.ch\/index.php?rest_route=\/wp\/v2\/posts\/4433\/revisions"}],"predecessor-version":[{"id":4434,"href":"https:\/\/vivresonreve.ch\/index.php?rest_route=\/wp\/v2\/posts\/4433\/revisions\/4434"}],"wp:attachment":[{"href":"https:\/\/vivresonreve.ch\/index.php?rest_route=%2Fwp%2Fv2%2Fmedia&parent=4433"}],"wp:term":[{"taxonomy":"category","embeddable":true,"href":"https:\/\/vivresonreve.ch\/index.php?rest_route=%2Fwp%2Fv2%2Fcategories&post=4433"},{"taxonomy":"post_tag","embeddable":true,"href":"https:\/\/vivresonreve.ch\/index.php?rest_route=%2Fwp%2Fv2%2Ftags&post=4433"}],"curies":[{"name":"wp","href":"https:\/\/api.w.org\/{rel}","templated":true}]}}