{"id":4383,"date":"2021-01-21T09:43:51","date_gmt":"2021-01-21T09:43:51","guid":{"rendered":"http:\/\/vivresonreve.ch\/?p=4383"},"modified":"2022-02-02T08:55:44","modified_gmt":"2022-02-02T08:55:44","slug":"podium-a-zinal-pour-arnaud","status":"publish","type":"post","link":"https:\/\/vivresonreve.ch\/?p=4383","title":{"rendered":"Podium \u00e0 Zinal pour Arnaud"},"content":{"rendered":"<p>Hello tout le monde,<\/p>\n<p>C&rsquo;est avec un plaisir non-dissimul\u00e9 que je vous partage ma deuxi\u00e8me place d\u00e9croch\u00e9e lundi au super-G coupe d&rsquo;Europe de Zinal! J&rsquo;ai manqu\u00e9 la victoire pour un petit centi\u00e8me mais je suis tout de m\u00eame tr\u00e8s content de ma performance personnelle!<\/p>\n<p>Apr\u00e8s pr\u00e8s d&rsquo;un mois sans course (pause de fin d&rsquo;ann\u00e9e oblige), je ne savais pas trop \u00e0 quoi m&rsquo;attendre. Comme j\u2019avais le dossard 13, je suis parti derri\u00e8re les favoris mais suis arriv\u00e9 premier avec 77 centi\u00e8mes d\u2019avance. Je n\u2019y croyais pas, \u00e0 tel point que j\u2019ai demand\u00e9 autour de moi si le chronom\u00e9trage \u00e9tait bien correct\u2026 Ensuite, j\u2019ai vu les autres terminer derri\u00e8re, et j\u2019\u00e9tais encore largement en t\u00eate apr\u00e8s les 30. Au fur et \u00e0 mesure, la piste s\u2019est un peu acc\u00e9l\u00e9r\u00e9e avec le soleil sur le plat final tout en restant assez bonne sur le mur du haut. Ce qui a permis \u00e0 des dossards \u00e9lev\u00e9s de rentrer dans les dix premiers (le 76 a m\u00eame fini 10e). Jusqu\u2019au 39, Lars R\u00f6sti, qui me passe devant pour un centi\u00e8me\u2026 Mais je ne me suis pas vex\u00e9 pour autant, c\u2019est la loi du sport ; peut-\u00eatre que les centi\u00e8mes seront en ma faveur la prochaine fois ; et \u00e0 tout prendre, c\u2019est mieux d\u2019\u00eatre d\u00e9pass\u00e9 par un Suisse. Cette deuxi\u00e8me place constitue le meilleur r\u00e9sultat de ma carri\u00e8re, et mes meilleurs points FIS.<\/p>\n<p>L\u00e0, je vais me plonger dans les livres car j\u2019ai des examens universitaires samedi. Dimanche, je vais partir pour Orci\u00e8res, en France, o\u00f9 je m\u2019\u00e9tais bless\u00e9 l\u2019ann\u00e9e pass\u00e9e. La semaine prochaine sera tr\u00e8s importante pour la Coupe d\u2019Europe, avec 2 descentes, 1 super-G et 1 combin\u00e9. En tout, il reste deux super-G et je suis actuellement 4e du classement de la discipline. Mon objectif de la saison est de terminer dans les trois premiers, afin de d\u00e9crocher une place fixe en Coupe du monde. Et c\u2019est parfaitement jouable puisque je ne suis qu\u2019\u00e0 11 points du podium. A titre indicatif, le centi\u00e8me perdu sur le vainqueur le premier jour \u00e0 Zinal m\u2019a co\u00fbt\u00e9 20 points et 7 centi\u00e8mes de mieux le second jour m\u2019auraient rapport\u00e9 l\u00e0 encore 20 points de plus. C\u2019est donc tr\u00e8s serr\u00e9, et tout reste possible.<\/p>\n<p>&nbsp;<\/p>\n<div id=\"attachment_4385\" style=\"width: 4186px\" class=\"wp-caption alignnone\"><img loading=\"lazy\" decoding=\"async\" aria-describedby=\"caption-attachment-4385\" class=\"size-full wp-image-4385\" src=\"https:\/\/vivresonreve.ch\/wp-content\/uploads\/2021\/01\/DSC_8854.jpg\" alt=\"\" width=\"4176\" height=\"2784\" \/><p id=\"caption-attachment-4385\" class=\"wp-caption-text\">En action ce lundi sur le super-G coupe d&rsquo;Europe de Zinal.<\/p><\/div>\n","protected":false},"excerpt":{"rendered":"<p>Hello tout le monde, C&rsquo;est avec un plaisir non-dissimul\u00e9 que je vous partage ma deuxi\u00e8me place d\u00e9croch\u00e9e lundi au super-G coupe d&rsquo;Europe de Zinal! J&rsquo;ai manqu\u00e9 la victoire pour un petit centi\u00e8me mais je suis tout de m\u00eame tr\u00e8s content de ma performance personnelle! Apr\u00e8s pr\u00e8s d&rsquo;un mois sans course (pause de fin d&rsquo;ann\u00e9e oblige), [&hellip;]<\/p>\n","protected":false},"author":2,"featured_media":0,"comment_status":"closed","ping_status":"closed","sticky":true,"template":"","format":"standard","meta":{"_et_pb_use_builder":"","_et_pb_old_content":"","_et_gb_content_width":"","footnotes":""},"categories":[30,11],"tags":[],"class_list":["post-4383","post","type-post","status-publish","format-standard","hentry","category-arnaud-boisset","category-association"],"_links":{"self":[{"href":"https:\/\/vivresonreve.ch\/index.php?rest_route=\/wp\/v2\/posts\/4383","targetHints":{"allow":["GET"]}}],"collection":[{"href":"https:\/\/vivresonreve.ch\/index.php?rest_route=\/wp\/v2\/posts"}],"about":[{"href":"https:\/\/vivresonreve.ch\/index.php?rest_route=\/wp\/v2\/types\/post"}],"author":[{"embeddable":true,"href":"https:\/\/vivresonreve.ch\/index.php?rest_route=\/wp\/v2\/users\/2"}],"replies":[{"embeddable":true,"href":"https:\/\/vivresonreve.ch\/index.php?rest_route=%2Fwp%2Fv2%2Fcomments&post=4383"}],"version-history":[{"count":2,"href":"https:\/\/vivresonreve.ch\/index.php?rest_route=\/wp\/v2\/posts\/4383\/revisions"}],"predecessor-version":[{"id":4389,"href":"https:\/\/vivresonreve.ch\/index.php?rest_route=\/wp\/v2\/posts\/4383\/revisions\/4389"}],"wp:attachment":[{"href":"https:\/\/vivresonreve.ch\/index.php?rest_route=%2Fwp%2Fv2%2Fmedia&parent=4383"}],"wp:term":[{"taxonomy":"category","embeddable":true,"href":"https:\/\/vivresonreve.ch\/index.php?rest_route=%2Fwp%2Fv2%2Fcategories&post=4383"},{"taxonomy":"post_tag","embeddable":true,"href":"https:\/\/vivresonreve.ch\/index.php?rest_route=%2Fwp%2Fv2%2Ftags&post=4383"}],"curies":[{"name":"wp","href":"https:\/\/api.w.org\/{rel}","templated":true}]}}