{"id":4211,"date":"2020-10-19T07:51:55","date_gmt":"2020-10-19T07:51:55","guid":{"rendered":"http:\/\/vivresonreve.ch\/?p=4211"},"modified":"2022-02-02T08:55:44","modified_gmt":"2022-02-02T08:55:44","slug":"la-preparation-se-passe-a-merveille","status":"publish","type":"post","link":"https:\/\/vivresonreve.ch\/?p=4211","title":{"rendered":"La pr\u00e9paration se passe \u00e0 merveille!"},"content":{"rendered":"<p>Hello tout le monde,<\/p>\n<p>J&rsquo;esp\u00e8re que vous vous portez bien.<\/p>\n<p>De mon c\u00f4t\u00e9, tout va pour le mieux. J&rsquo;ai repris le ski avec d\u00e9j\u00e0 une quinzaine de jours dans les jambes. Je n&rsquo;ai ni de douleurs, ni d&rsquo;appr\u00e9hension; c&rsquo;est vraiment optimal. Il me reste d\u00e9sormais un peu plus d&rsquo;un mois avant les premi\u00e8res courses. Nous allons terminer la pr\u00e9paration sur le glacier de Saas-Fee, puis Diavolezza (dans les Grisons) dans un second temps. Vous l&rsquo;avez compris tous les voyants sont donc au vert de mon c\u00f4t\u00e9.<\/p>\n<p>Je vous laisse avec une interview r\u00e9alis\u00e9e avec la radio Rh\u00f4ne FM sur mon retour de blessure. A \u00e9couter si vous avez 10 minutes devant vous, le format podcast est agr\u00e9able pour \u00e9couter en d\u00e9placement.<\/p>\n<p><a href=\"https:\/\/www.rhonefm.ch\/player\/podcasts\/zone-mixte-entretien-avec-le-skieur-martignerain-arnaud-boisset\">interview Rh\u00f4neFM<\/a><\/p>\n<p>Meilleures salutations sportives.<\/p>\n<p>Arnaud Boisset<\/p>\n","protected":false},"excerpt":{"rendered":"<p>Hello tout le monde, J&rsquo;esp\u00e8re que vous vous portez bien. De mon c\u00f4t\u00e9, tout va pour le mieux. J&rsquo;ai repris le ski avec d\u00e9j\u00e0 une quinzaine de jours dans les jambes. Je n&rsquo;ai ni de douleurs, ni d&rsquo;appr\u00e9hension; c&rsquo;est vraiment optimal. Il me reste d\u00e9sormais un peu plus d&rsquo;un mois avant les premi\u00e8res courses. Nous [&hellip;]<\/p>\n","protected":false},"author":2,"featured_media":0,"comment_status":"closed","ping_status":"closed","sticky":true,"template":"","format":"standard","meta":{"_et_pb_use_builder":"","_et_pb_old_content":"","_et_gb_content_width":"","footnotes":""},"categories":[30],"tags":[],"class_list":["post-4211","post","type-post","status-publish","format-standard","hentry","category-arnaud-boisset"],"_links":{"self":[{"href":"https:\/\/vivresonreve.ch\/index.php?rest_route=\/wp\/v2\/posts\/4211","targetHints":{"allow":["GET"]}}],"collection":[{"href":"https:\/\/vivresonreve.ch\/index.php?rest_route=\/wp\/v2\/posts"}],"about":[{"href":"https:\/\/vivresonreve.ch\/index.php?rest_route=\/wp\/v2\/types\/post"}],"author":[{"embeddable":true,"href":"https:\/\/vivresonreve.ch\/index.php?rest_route=\/wp\/v2\/users\/2"}],"replies":[{"embeddable":true,"href":"https:\/\/vivresonreve.ch\/index.php?rest_route=%2Fwp%2Fv2%2Fcomments&post=4211"}],"version-history":[{"count":1,"href":"https:\/\/vivresonreve.ch\/index.php?rest_route=\/wp\/v2\/posts\/4211\/revisions"}],"predecessor-version":[{"id":4212,"href":"https:\/\/vivresonreve.ch\/index.php?rest_route=\/wp\/v2\/posts\/4211\/revisions\/4212"}],"wp:attachment":[{"href":"https:\/\/vivresonreve.ch\/index.php?rest_route=%2Fwp%2Fv2%2Fmedia&parent=4211"}],"wp:term":[{"taxonomy":"category","embeddable":true,"href":"https:\/\/vivresonreve.ch\/index.php?rest_route=%2Fwp%2Fv2%2Fcategories&post=4211"},{"taxonomy":"post_tag","embeddable":true,"href":"https:\/\/vivresonreve.ch\/index.php?rest_route=%2Fwp%2Fv2%2Ftags&post=4211"}],"curies":[{"name":"wp","href":"https:\/\/api.w.org\/{rel}","templated":true}]}}