{"id":4177,"date":"2020-09-14T12:44:27","date_gmt":"2020-09-14T12:44:27","guid":{"rendered":"http:\/\/vivresonreve.ch\/?p=4177"},"modified":"2021-09-21T06:26:01","modified_gmt":"2021-09-21T06:26:01","slug":"marie-kolly-fin-prete-pour-la-saison-a-venir","status":"publish","type":"post","link":"https:\/\/vivresonreve.ch\/?p=4177","title":{"rendered":"Marie fin pr\u00eate pour la saison \u00e0 venir"},"content":{"rendered":"<p>Depuis le mois de mai, j&rsquo;ai la chance d&rsquo;avoir pu m&rsquo;entra\u00eener avec un coach du team de Madrid qui habite maintenant \u00e0 Gen\u00e8ve. Donc cette \u00e9t\u00e9 je suis rest\u00e9e en Suisse et je me suis entra\u00eener \u00e0 fond tous les\u00a0jours sur glace et 2 \u00e0 3 fois par semaine au centre sportif universitaire \u00e0 Lausanne. Mon objectif de cette saison \u00e9tait entre autre de participer au Winter Universiade de Lucerne en janvier 2021 mais celle-ci ont \u00e9t\u00e9 annul\u00e9e, une certaine pand\u00e9mie mondiale en est la cause. Ce n&rsquo;est pas pour autant que je baisse les bras. Je vais donc profiter d&rsquo;avoir une ann\u00e9e de plus pour me pr\u00e9parer \u00e0 cet \u00e9v\u00e9nement sans pression. Etant\u00a0donn\u00e9 la situation actuelle, je ne sais pas vraiment quand il y aura des comp\u00e9tions mais je m&rsquo;y pr\u00e9pare \u00e0 fond et je suis plus pr\u00eate que jamais \u00e0 commencer cette nouvelle saison.<\/p>\n<p>Concernant mon retour \u00e0 Madrid il a \u00e9t\u00e9 repouss\u00e9 d&rsquo;un mois car la situation en Espagne s&rsquo;\u00e9tant d\u00e9grad\u00e9e avec la fin des vacances d&rsquo;\u00e9t\u00e9, j&rsquo;ai pr\u00e9f\u00e9r\u00e9 voir si le retour au travail et \u00e0 la routine allait stabiliser un peu la situation.<\/p>\n<p>Meilleures salutations.<\/p>\n<p>Marie Kolly<\/p>\n","protected":false},"excerpt":{"rendered":"<p>Depuis le mois de mai, j&rsquo;ai la chance d&rsquo;avoir pu m&rsquo;entra\u00eener avec un coach du team de Madrid qui habite maintenant \u00e0 Gen\u00e8ve. Donc cette \u00e9t\u00e9 je suis rest\u00e9e en Suisse et je me suis entra\u00eener \u00e0 fond tous les\u00a0jours sur glace et 2 \u00e0 3 fois par semaine au centre sportif universitaire \u00e0 Lausanne. [&hellip;]<\/p>\n","protected":false},"author":2,"featured_media":0,"comment_status":"closed","ping_status":"closed","sticky":true,"template":"","format":"standard","meta":{"_et_pb_use_builder":"","_et_pb_old_content":"","_et_gb_content_width":"","footnotes":""},"categories":[11,29],"tags":[],"class_list":["post-4177","post","type-post","status-publish","format-standard","hentry","category-association","category-marie-kolly"],"_links":{"self":[{"href":"https:\/\/vivresonreve.ch\/index.php?rest_route=\/wp\/v2\/posts\/4177","targetHints":{"allow":["GET"]}}],"collection":[{"href":"https:\/\/vivresonreve.ch\/index.php?rest_route=\/wp\/v2\/posts"}],"about":[{"href":"https:\/\/vivresonreve.ch\/index.php?rest_route=\/wp\/v2\/types\/post"}],"author":[{"embeddable":true,"href":"https:\/\/vivresonreve.ch\/index.php?rest_route=\/wp\/v2\/users\/2"}],"replies":[{"embeddable":true,"href":"https:\/\/vivresonreve.ch\/index.php?rest_route=%2Fwp%2Fv2%2Fcomments&post=4177"}],"version-history":[{"count":2,"href":"https:\/\/vivresonreve.ch\/index.php?rest_route=\/wp\/v2\/posts\/4177\/revisions"}],"predecessor-version":[{"id":4179,"href":"https:\/\/vivresonreve.ch\/index.php?rest_route=\/wp\/v2\/posts\/4177\/revisions\/4179"}],"wp:attachment":[{"href":"https:\/\/vivresonreve.ch\/index.php?rest_route=%2Fwp%2Fv2%2Fmedia&parent=4177"}],"wp:term":[{"taxonomy":"category","embeddable":true,"href":"https:\/\/vivresonreve.ch\/index.php?rest_route=%2Fwp%2Fv2%2Fcategories&post=4177"},{"taxonomy":"post_tag","embeddable":true,"href":"https:\/\/vivresonreve.ch\/index.php?rest_route=%2Fwp%2Fv2%2Ftags&post=4177"}],"curies":[{"name":"wp","href":"https:\/\/api.w.org\/{rel}","templated":true}]}}