{"id":4149,"date":"2020-09-07T12:29:18","date_gmt":"2020-09-07T12:29:18","guid":{"rendered":"http:\/\/vivresonreve.ch\/?p=4149"},"modified":"2021-09-21T06:26:01","modified_gmt":"2021-09-21T06:26:01","slug":"retour-sur-les-skis-pour-arnaud-boisset","status":"publish","type":"post","link":"https:\/\/vivresonreve.ch\/?p=4149","title":{"rendered":"Retour sur les skis pour Arnaud Boisset"},"content":{"rendered":"<p>Hello tout le monde,<\/p>\n<p>Le 10 juillet, apr\u00e8s 18 semaines \u00e0 Macolin, j&rsquo;ai termin\u00e9 mon \u00e9cole de recrue en tant que sportif d&rsquo;\u00e9lite. Je suis fier d&rsquo;\u00eatre d\u00e9sormais soldat du sport et d&rsquo;avoir accompli la premi\u00e8re partie de mes obligations militaires. Apr\u00e8s quelques semaines d&rsquo;entra\u00eenement \u00e0 la maison, j&rsquo;\u00e9tais \u00e0 nouveau convoqu\u00e9 \u00e0 Macolin pour tester mon genou 5\u00a0<img \/>\u00a0mois et demi apr\u00e8s mon op\u00e9ration.\u00a0Je dois reconna\u00eetre que ces tests se sont tr\u00e8s bien pass\u00e9s, j\u2019ai m\u00eame am\u00e9lior\u00e9 bon nombre de mes valeurs de l\u2019ann\u00e9e pass\u00e9e. Le r\u00e9sultat \u00e9tait d\u2019ailleurs tellement positif que les m\u00e9decins et les physio m\u2019ont donn\u00e9 leur feu vert pour retourner sur la neige.\u00a0Personnellement, je ne me sentais pas tout \u00e0 fait pr\u00eat. En effet, lorsqu&rsquo;on effectue ces tests tout\u00a0est contr\u00f4l\u00e9, les sauts sont par exemple effectu\u00e9s sur une planche de bois stable et on ne risque rien. Alors que sur les skis, les facteurs externes sont trop nombreux pour \u00eatre contr\u00f4l\u00e9s.\u00a0Ce n\u2019est pas que je n\u2019avais pas confiance en mon genou mais j\u2019ai en fait pr\u00e9f\u00e9r\u00e9 attendre un peu avant de me lancer.<\/p>\n<p>Je m\u2019\u00e9tais donc mis en t\u00eate de rechausser les skis les 17 et 18 ao\u00fbt \u00e0 Saas-Fee, tout seul, sans la pression de l\u2019\u00e9quipe, afin de retrouver moi-m\u00eame mes sensations, sans ressentir aucune pression. Malheureusement, la m\u00e9t\u00e9o en a d\u00e9cid\u00e9 autrement : impossible de skier puisqu\u2019il faisait trop chaud la nuit et le glacier est rest\u00e9 ferm\u00e9 les 2 jours&#8230;<\/p>\n<p>Par la suite, nous avons organis\u00e9 \u00e0 huit amis un camp de survie en autonomie\u00a0: on dormait \u00e0 la belle \u00e9toile, \u00e0 m\u00eame le sol, car il fallait se d\u00e9brouiller avec les moyens du bord, sans tente ni b\u00e2che. Nous avons pass\u00e9 de tr\u00e8s bons moments, c\u2019est une superbe exp\u00e9rience pour apprendre \u00e0 se conna\u00eetre soi-m\u00eame.<\/p>\n<p>Ensuite retour \u00e0 l\u2019entra\u00eenement, pendant une bonne semaine, avant de nouveaux tests le 31.08 \u00e0 Macolin. Mes valeurs \u00e9tant tr\u00e8s bonne, j&rsquo;ai pris la d\u00e9cision de retrouver la neige, exactement 200 jours apr\u00e8s mon op\u00e9ration. Cette semaine, j&rsquo;ai donc ski\u00e9 2 jours \u00e0 Zermatt afin de tester mon genou. Les conditions \u00e9taient hivernales et les sensations \u00e9taient tr\u00e8s bonnes. Aucune douleur ou crainte avec mon genou et beaucoup de plaisir!<\/p>\n<p>Pour la suite, je vais travailler d&rsquo;abord en individuel avec un entra\u00eeneur en g\u00e9ant et en slalom afin de reconstruire les bases et ne pas risquer une sur-blessure. Puis, d\u00e8s que je serai pr\u00eat, je rejoindrai mes co\u00e9quipiers en super-G ou descente courant octobre.<\/p>\n<p>Dans tous les cas, je serai pr\u00eat pour les premi\u00e8res courses de la saison fin novembre!<\/p>\n<p>Meilleures salutations sportives. A bient\u00f4t.<\/p>\n<p>Arnaud Boisset<\/p>\n","protected":false},"excerpt":{"rendered":"<p>Hello tout le monde, Le 10 juillet, apr\u00e8s 18 semaines \u00e0 Macolin, j&rsquo;ai termin\u00e9 mon \u00e9cole de recrue en tant que sportif d&rsquo;\u00e9lite. Je suis fier d&rsquo;\u00eatre d\u00e9sormais soldat du sport et d&rsquo;avoir accompli la premi\u00e8re partie de mes obligations militaires. Apr\u00e8s quelques semaines d&rsquo;entra\u00eenement \u00e0 la maison, j&rsquo;\u00e9tais \u00e0 nouveau convoqu\u00e9 \u00e0 Macolin pour [&hellip;]<\/p>\n","protected":false},"author":2,"featured_media":0,"comment_status":"closed","ping_status":"closed","sticky":true,"template":"","format":"standard","meta":{"_et_pb_use_builder":"","_et_pb_old_content":"","_et_gb_content_width":"","footnotes":""},"categories":[30,11],"tags":[],"class_list":["post-4149","post","type-post","status-publish","format-standard","hentry","category-arnaud-boisset","category-association"],"_links":{"self":[{"href":"https:\/\/vivresonreve.ch\/index.php?rest_route=\/wp\/v2\/posts\/4149","targetHints":{"allow":["GET"]}}],"collection":[{"href":"https:\/\/vivresonreve.ch\/index.php?rest_route=\/wp\/v2\/posts"}],"about":[{"href":"https:\/\/vivresonreve.ch\/index.php?rest_route=\/wp\/v2\/types\/post"}],"author":[{"embeddable":true,"href":"https:\/\/vivresonreve.ch\/index.php?rest_route=\/wp\/v2\/users\/2"}],"replies":[{"embeddable":true,"href":"https:\/\/vivresonreve.ch\/index.php?rest_route=%2Fwp%2Fv2%2Fcomments&post=4149"}],"version-history":[{"count":1,"href":"https:\/\/vivresonreve.ch\/index.php?rest_route=\/wp\/v2\/posts\/4149\/revisions"}],"predecessor-version":[{"id":4151,"href":"https:\/\/vivresonreve.ch\/index.php?rest_route=\/wp\/v2\/posts\/4149\/revisions\/4151"}],"wp:attachment":[{"href":"https:\/\/vivresonreve.ch\/index.php?rest_route=%2Fwp%2Fv2%2Fmedia&parent=4149"}],"wp:term":[{"taxonomy":"category","embeddable":true,"href":"https:\/\/vivresonreve.ch\/index.php?rest_route=%2Fwp%2Fv2%2Fcategories&post=4149"},{"taxonomy":"post_tag","embeddable":true,"href":"https:\/\/vivresonreve.ch\/index.php?rest_route=%2Fwp%2Fv2%2Ftags&post=4149"}],"curies":[{"name":"wp","href":"https:\/\/api.w.org\/{rel}","templated":true}]}}