{"id":4147,"date":"2020-09-07T12:25:00","date_gmt":"2020-09-07T12:25:00","guid":{"rendered":"http:\/\/vivresonreve.ch\/?p=4147"},"modified":"2021-09-21T06:26:01","modified_gmt":"2021-09-21T06:26:01","slug":"reprise-pour-julie-franconville","status":"publish","type":"post","link":"https:\/\/vivresonreve.ch\/?p=4147","title":{"rendered":"Reprise pour Julie Franconville"},"content":{"rendered":"<p>Bonjour,<\/p>\n<p>Je vous envoie quelques nouvelles concernant la reprise de mon sport en ces temps de coronavirus.<\/p>\n<p>J\u2019ai maintenant repris le badminton \u00e0 100% et m\u2019entra\u00eene donc environ 7 fois par semaine. J\u2019ai d\u00e9j\u00e0 eu deux week-ends de camps avec l\u2019\u00e9quipe suisse depuis juin et je m\u2019entra\u00eene dur pour pr\u00e9parer la saison qui arrive. Malheureusement, ce d\u00e9but de saison s\u2019annonce difficile car beaucoup de tournois sont annul\u00e9s, en raison du coronavirus. La semaine prochaine, j\u2019ai tout de m\u00eame la chance de pouvoir aller en Lituanie, o\u00f9 je participerai \u00e0 mon premier tournoi (international junior) depuis le d\u00e9but du confinement et je me r\u00e9jouis beaucoup ! Dans 1 mois, il y a \u00e9galement deux tournois internationaux \u00e0 Chypres (junior et \u00e9lite) auxquels je pr\u00e9vois de participer en plus du championnats d\u2019interclub en ligue A avec mon club qui va d\u00e9buter. Je me pr\u00e9pare pour une \u00e9ch\u00e9ance sp\u00e9ciale qui n\u2019est autre que les championnats d\u2019Europe en Finlande, qui ont lieu d\u00e9but novembre et c\u2019est pour cela que j\u2019ai besoin de tournois pour ma pr\u00e9paration. \u00c9tant derni\u00e8re ann\u00e9e junior et faisant partie des plus vieux j\u2019esp\u00e8re r\u00e9aliser un bon r\u00e9sultat lors de ce tournoi et j\u2019esp\u00e8re beaucoup qu\u2019il pourra avoir lieu.<\/p>\n<p>Je vous remercie encore pour votre soutien.<\/p>\n<p>Meilleures salutations.<\/p>\n<p>Julie Franconville<\/p>\n","protected":false},"excerpt":{"rendered":"<p>Bonjour, Je vous envoie quelques nouvelles concernant la reprise de mon sport en ces temps de coronavirus. J\u2019ai maintenant repris le badminton \u00e0 100% et m\u2019entra\u00eene donc environ 7 fois par semaine. J\u2019ai d\u00e9j\u00e0 eu deux week-ends de camps avec l\u2019\u00e9quipe suisse depuis juin et je m\u2019entra\u00eene dur pour pr\u00e9parer la saison qui arrive. Malheureusement, [&hellip;]<\/p>\n","protected":false},"author":2,"featured_media":0,"comment_status":"closed","ping_status":"closed","sticky":true,"template":"","format":"standard","meta":{"_et_pb_use_builder":"","_et_pb_old_content":"","_et_gb_content_width":"","footnotes":""},"categories":[11,32],"tags":[],"class_list":["post-4147","post","type-post","status-publish","format-standard","hentry","category-association","category-julie-franconville"],"_links":{"self":[{"href":"https:\/\/vivresonreve.ch\/index.php?rest_route=\/wp\/v2\/posts\/4147","targetHints":{"allow":["GET"]}}],"collection":[{"href":"https:\/\/vivresonreve.ch\/index.php?rest_route=\/wp\/v2\/posts"}],"about":[{"href":"https:\/\/vivresonreve.ch\/index.php?rest_route=\/wp\/v2\/types\/post"}],"author":[{"embeddable":true,"href":"https:\/\/vivresonreve.ch\/index.php?rest_route=\/wp\/v2\/users\/2"}],"replies":[{"embeddable":true,"href":"https:\/\/vivresonreve.ch\/index.php?rest_route=%2Fwp%2Fv2%2Fcomments&post=4147"}],"version-history":[{"count":1,"href":"https:\/\/vivresonreve.ch\/index.php?rest_route=\/wp\/v2\/posts\/4147\/revisions"}],"predecessor-version":[{"id":4148,"href":"https:\/\/vivresonreve.ch\/index.php?rest_route=\/wp\/v2\/posts\/4147\/revisions\/4148"}],"wp:attachment":[{"href":"https:\/\/vivresonreve.ch\/index.php?rest_route=%2Fwp%2Fv2%2Fmedia&parent=4147"}],"wp:term":[{"taxonomy":"category","embeddable":true,"href":"https:\/\/vivresonreve.ch\/index.php?rest_route=%2Fwp%2Fv2%2Fcategories&post=4147"},{"taxonomy":"post_tag","embeddable":true,"href":"https:\/\/vivresonreve.ch\/index.php?rest_route=%2Fwp%2Fv2%2Ftags&post=4147"}],"curies":[{"name":"wp","href":"https:\/\/api.w.org\/{rel}","templated":true}]}}