{"id":4128,"date":"2020-08-31T13:16:13","date_gmt":"2020-08-31T13:16:13","guid":{"rendered":"http:\/\/vivresonreve.ch\/?p=4128"},"modified":"2020-08-31T13:29:36","modified_gmt":"2020-08-31T13:29:36","slug":"vue-sur-la-saison-de-guillaume","status":"publish","type":"post","link":"https:\/\/vivresonreve.ch\/?p=4128","title":{"rendered":"Vue sur la saison de Guillaume"},"content":{"rendered":"<p>Cette saison est pour nous cyclistes (et autres sportifs, je suppose) \u00e9videmment dur.<\/p>\n<p>Ma saison se r\u00e9sume actuellement en quelques points:<\/p>\n<p><strong>Les points n\u00e9gatifs:<\/strong><br \/>\n\u2022 plusieurs objectifs, dont les plus importants, ont \u00e9t\u00e9 annul\u00e9s, pour la plupart entre juin et ao\u00fbt.<br \/>\n\u2022 les s\u00e9lections qui \u00e9taient possibles ne sont pas r\u00e9alis\u00e9es cause covid.<br \/>\n\u2022 plusieurs petites courses ont eu lieu derni\u00e8rement, mais j&rsquo;ai tra\u00een\u00e9 des soucis de sant\u00e9 depuis d\u00e9but ao\u00fbt.<\/p>\n<p><strong>Les points positifs:<\/strong><br \/>\n\u2022 Les contacts souhait\u00e9s avec les \u00e9quipes se passent bien et le d\u00e9roulement de mon plan de carri\u00e8re ne prend pas trop de retard.<br \/>\n\u2022 les objectifs qui ont pu avoir lieu ont \u00e9t\u00e9 des succ\u00e8s r\u00e9compens\u00e9s par des podium et une victoire.<br \/>\n\u2022 mon niveau continue malgr\u00e9 tout \u00e0 augmenter de mani\u00e8re satisfaisante.<br \/>\n\u2022 au niveau r\u00e9gional, le tour du canton de Fribourg me permet d&rsquo;avoir une belle visibilit\u00e9 dans les journaux.<\/p>\n<p><a href=\"https:\/\/vivresonreve.ch\/?page_id=3883\/#gachet\">Voir les coupures de presse<\/a><\/p>\n<p>Pour la suite, je vais avoir tr\u00e8s prochainement des nouvelles, que j&rsquo;esp\u00e8re r\u00e9jouissantes. Je vous tiendrai donc bien sur inform\u00e9s.<\/p>\n<p>Meilleures salutations.<br \/>\nGuillaume<\/p>\n","protected":false},"excerpt":{"rendered":"<p>Cette saison est pour nous cyclistes (et autres sportifs, je suppose) \u00e9videmment dur. Ma saison se r\u00e9sume actuellement en quelques points: Les points n\u00e9gatifs: \u2022 plusieurs objectifs, dont les plus importants, ont \u00e9t\u00e9 annul\u00e9s, pour la plupart entre juin et ao\u00fbt. \u2022 les s\u00e9lections qui \u00e9taient possibles ne sont pas r\u00e9alis\u00e9es cause covid. \u2022 plusieurs [&hellip;]<\/p>\n","protected":false},"author":2,"featured_media":0,"comment_status":"closed","ping_status":"closed","sticky":true,"template":"","format":"standard","meta":{"_et_pb_use_builder":"","_et_pb_old_content":"","_et_gb_content_width":"","footnotes":""},"categories":[11],"tags":[],"class_list":["post-4128","post","type-post","status-publish","format-standard","hentry","category-association"],"_links":{"self":[{"href":"https:\/\/vivresonreve.ch\/index.php?rest_route=\/wp\/v2\/posts\/4128","targetHints":{"allow":["GET"]}}],"collection":[{"href":"https:\/\/vivresonreve.ch\/index.php?rest_route=\/wp\/v2\/posts"}],"about":[{"href":"https:\/\/vivresonreve.ch\/index.php?rest_route=\/wp\/v2\/types\/post"}],"author":[{"embeddable":true,"href":"https:\/\/vivresonreve.ch\/index.php?rest_route=\/wp\/v2\/users\/2"}],"replies":[{"embeddable":true,"href":"https:\/\/vivresonreve.ch\/index.php?rest_route=%2Fwp%2Fv2%2Fcomments&post=4128"}],"version-history":[{"count":5,"href":"https:\/\/vivresonreve.ch\/index.php?rest_route=\/wp\/v2\/posts\/4128\/revisions"}],"predecessor-version":[{"id":4143,"href":"https:\/\/vivresonreve.ch\/index.php?rest_route=\/wp\/v2\/posts\/4128\/revisions\/4143"}],"wp:attachment":[{"href":"https:\/\/vivresonreve.ch\/index.php?rest_route=%2Fwp%2Fv2%2Fmedia&parent=4128"}],"wp:term":[{"taxonomy":"category","embeddable":true,"href":"https:\/\/vivresonreve.ch\/index.php?rest_route=%2Fwp%2Fv2%2Fcategories&post=4128"},{"taxonomy":"post_tag","embeddable":true,"href":"https:\/\/vivresonreve.ch\/index.php?rest_route=%2Fwp%2Fv2%2Ftags&post=4128"}],"curies":[{"name":"wp","href":"https:\/\/api.w.org\/{rel}","templated":true}]}}