{"id":4103,"date":"2020-08-19T14:45:27","date_gmt":"2020-08-19T14:45:27","guid":{"rendered":"http:\/\/vivresonreve.ch\/?p=4103"},"modified":"2020-08-19T14:45:54","modified_gmt":"2020-08-19T14:45:54","slug":"changements-pour-arnaud-guex","status":"publish","type":"post","link":"https:\/\/vivresonreve.ch\/?p=4103","title":{"rendered":"Changements pour Arnaud Guex"},"content":{"rendered":"<p>En juin dernier, \u00a0j&rsquo;ai obtenu ma maturit\u00e9 f\u00e9d\u00e9rale, ce qui \u00a0marque la fin de mes \u00e9tudes dans le sport \u00e9tude de Brigue.\u00a0Je vais donc d\u00e9buter un nouveau chapitre dans ma carri\u00e8re professionnelle en septembre avec un stage d&#8217;employ\u00e9 de commerce \u00e0 la Banque cantonale vaudoise.<\/p>\n<p>Du c\u00f4t\u00e9 sportif, j&rsquo;ai int\u00e9gr\u00e9 une nouvelle structure en France qui a pour but de former des athl\u00e8tes aux courses de longues distances. Je ne vais pas pour autant me lancer dans les circuits de longue distance cette saison mais plut\u00f4t continuer dans le circuits FIS des coupes suisses, coupe d&rsquo;europe centrales, etc..<br \/>\nCette nouvelle \u00e9quipe est un centre de formation d&rsquo;une nouvelle \u00e9quipe professionnelle de longue distance. Ma nouvelle \u00e9quipe regroupe des jeunes de toute la France et notre groupe est tr\u00e8s comp\u00e9titif.<\/p>\n<p>Je vous souhaite une excellente fin d&rsquo;\u00e9t\u00e9 et \u00e0 bient\u00f4t.<\/p>\n<p>Sportivement<\/p>\n<p>Arnaud Guex<\/p>\n","protected":false},"excerpt":{"rendered":"<p>En juin dernier, \u00a0j&rsquo;ai obtenu ma maturit\u00e9 f\u00e9d\u00e9rale, ce qui \u00a0marque la fin de mes \u00e9tudes dans le sport \u00e9tude de Brigue.\u00a0Je vais donc d\u00e9buter un nouveau chapitre dans ma carri\u00e8re professionnelle en septembre avec un stage d&#8217;employ\u00e9 de commerce \u00e0 la Banque cantonale vaudoise. Du c\u00f4t\u00e9 sportif, j&rsquo;ai int\u00e9gr\u00e9 une nouvelle structure en France [&hellip;]<\/p>\n","protected":false},"author":2,"featured_media":0,"comment_status":"closed","ping_status":"closed","sticky":true,"template":"","format":"standard","meta":{"_et_pb_use_builder":"","_et_pb_old_content":"","_et_gb_content_width":"","footnotes":""},"categories":[22],"tags":[],"class_list":["post-4103","post","type-post","status-publish","format-standard","hentry","category-arnaud-guex"],"_links":{"self":[{"href":"https:\/\/vivresonreve.ch\/index.php?rest_route=\/wp\/v2\/posts\/4103","targetHints":{"allow":["GET"]}}],"collection":[{"href":"https:\/\/vivresonreve.ch\/index.php?rest_route=\/wp\/v2\/posts"}],"about":[{"href":"https:\/\/vivresonreve.ch\/index.php?rest_route=\/wp\/v2\/types\/post"}],"author":[{"embeddable":true,"href":"https:\/\/vivresonreve.ch\/index.php?rest_route=\/wp\/v2\/users\/2"}],"replies":[{"embeddable":true,"href":"https:\/\/vivresonreve.ch\/index.php?rest_route=%2Fwp%2Fv2%2Fcomments&post=4103"}],"version-history":[{"count":1,"href":"https:\/\/vivresonreve.ch\/index.php?rest_route=\/wp\/v2\/posts\/4103\/revisions"}],"predecessor-version":[{"id":4104,"href":"https:\/\/vivresonreve.ch\/index.php?rest_route=\/wp\/v2\/posts\/4103\/revisions\/4104"}],"wp:attachment":[{"href":"https:\/\/vivresonreve.ch\/index.php?rest_route=%2Fwp%2Fv2%2Fmedia&parent=4103"}],"wp:term":[{"taxonomy":"category","embeddable":true,"href":"https:\/\/vivresonreve.ch\/index.php?rest_route=%2Fwp%2Fv2%2Fcategories&post=4103"},{"taxonomy":"post_tag","embeddable":true,"href":"https:\/\/vivresonreve.ch\/index.php?rest_route=%2Fwp%2Fv2%2Ftags&post=4103"}],"curies":[{"name":"wp","href":"https:\/\/api.w.org\/{rel}","templated":true}]}}