{"id":4042,"date":"2020-08-04T15:30:31","date_gmt":"2020-08-04T15:30:31","guid":{"rendered":"http:\/\/vivresonreve.ch\/?p=4042"},"modified":"2020-08-04T15:37:30","modified_gmt":"2020-08-04T15:37:30","slug":"marie-mettraux-en-suisse-et-a-marly","status":"publish","type":"post","link":"https:\/\/vivresonreve.ch\/?p=4042","title":{"rendered":"Marie Mettraux, en Suisse et \u00e0 Marly"},"content":{"rendered":"<p>Malgr\u00e9 l\u2019absence de comp\u00e9tition \u00e0 l\u2019\u00e9tranger, je joue des tournois en Suisse presque toutes les semaines, ce qui me permets de jouer pleins de matchs.<br \/>\nJ\u2019ai notamment jou\u00e9 l\u2019Open de Marly\u00a0et remport\u00e9 le tournoi de Bulle!<\/p>\n<div id=\"fb-root\"><\/div>\n<p><script async=\"1\" defer=\"1\" crossorigin=\"anonymous\" src=\"https:\/\/connect.facebook.net\/de_DE\/sdk.js#xfbml=1&amp;version=v7.0\" nonce=\"hc0EiPLA\"><\/script><\/p>\n<div class=\"fb-post\" data-href=\"https:\/\/www.facebook.com\/107635496735\/posts\/10157029885286736\/?sfnsn=wa&amp;d=w&amp;vh=e\" data-width=\"750\">\n<blockquote cite=\"https:\/\/www.facebook.com\/latele.ch\/posts\/10157029885286736\" class=\"fb-xfbml-parse-ignore\">\n<p>Jeu, set et match Marie Mettraux. La Fribourgeoise s&#039;est impos\u00e9e pour son entr\u00e9e en lice \u00e0 l&#039;Open de Marly. Une 43e \u00e9dition extraordinaire.<\/p>\n<p>Gepostet von <a href=\"https:\/\/www.facebook.com\/latele.ch\/\">La T\u00e9l\u00e9<\/a> am&nbsp;<a href=\"https:\/\/www.facebook.com\/latele.ch\/posts\/10157029885286736\">Freitag, 10. Juli 2020<\/a><\/p><\/blockquote>\n<\/div>\n","protected":false},"excerpt":{"rendered":"<p>Malgr\u00e9 l\u2019absence de comp\u00e9tition \u00e0 l\u2019\u00e9tranger, je joue des tournois en Suisse presque toutes les semaines, ce qui me permets de jouer pleins de matchs. J\u2019ai notamment jou\u00e9 l\u2019Open de Marly\u00a0et remport\u00e9 le tournoi de Bulle!<\/p>\n","protected":false},"author":2,"featured_media":0,"comment_status":"closed","ping_status":"closed","sticky":true,"template":"","format":"standard","meta":{"_et_pb_use_builder":"","_et_pb_old_content":"","_et_gb_content_width":"","footnotes":""},"categories":[31],"tags":[],"class_list":["post-4042","post","type-post","status-publish","format-standard","hentry","category-marie-mettraux"],"_links":{"self":[{"href":"https:\/\/vivresonreve.ch\/index.php?rest_route=\/wp\/v2\/posts\/4042","targetHints":{"allow":["GET"]}}],"collection":[{"href":"https:\/\/vivresonreve.ch\/index.php?rest_route=\/wp\/v2\/posts"}],"about":[{"href":"https:\/\/vivresonreve.ch\/index.php?rest_route=\/wp\/v2\/types\/post"}],"author":[{"embeddable":true,"href":"https:\/\/vivresonreve.ch\/index.php?rest_route=\/wp\/v2\/users\/2"}],"replies":[{"embeddable":true,"href":"https:\/\/vivresonreve.ch\/index.php?rest_route=%2Fwp%2Fv2%2Fcomments&post=4042"}],"version-history":[{"count":2,"href":"https:\/\/vivresonreve.ch\/index.php?rest_route=\/wp\/v2\/posts\/4042\/revisions"}],"predecessor-version":[{"id":4044,"href":"https:\/\/vivresonreve.ch\/index.php?rest_route=\/wp\/v2\/posts\/4042\/revisions\/4044"}],"wp:attachment":[{"href":"https:\/\/vivresonreve.ch\/index.php?rest_route=%2Fwp%2Fv2%2Fmedia&parent=4042"}],"wp:term":[{"taxonomy":"category","embeddable":true,"href":"https:\/\/vivresonreve.ch\/index.php?rest_route=%2Fwp%2Fv2%2Fcategories&post=4042"},{"taxonomy":"post_tag","embeddable":true,"href":"https:\/\/vivresonreve.ch\/index.php?rest_route=%2Fwp%2Fv2%2Ftags&post=4042"}],"curies":[{"name":"wp","href":"https:\/\/api.w.org\/{rel}","templated":true}]}}