{"id":3864,"date":"2020-01-28T15:51:46","date_gmt":"2020-01-28T15:51:46","guid":{"rendered":"http:\/\/vivresonreve.ch\/?p=3864"},"modified":"2020-02-17T10:32:44","modified_gmt":"2020-02-17T10:32:44","slug":"la-lourde-chute-darnaud-boisset","status":"publish","type":"post","link":"https:\/\/vivresonreve.ch\/?p=3864","title":{"rendered":"La lourde chute d&rsquo;Arnaud Boisset"},"content":{"rendered":"<p>Hello tout le monde,<\/p>\n<p>J&rsquo;aurais pr\u00e9f\u00e9r\u00e9 vous annoncer ma premi\u00e8re s\u00e9lection en coupe du monde mais malheureusement\u00a0le destin en a voulu autrement.<\/p>\n<p>Samedi, je suis tomb\u00e9 lors de la descente de Coupe d&rsquo;Europe qui avait lieu \u00e0 Orci\u00e8res en France. En me relevant, j&rsquo;ai ressenti des douleurs au genou mais aucun diagnostic n&rsquo;a pu \u00eatre pos\u00e9 dans un premier temps. Or l&rsquo;IRM que j&rsquo;ai pass\u00e9e lundi ne laisse pas place au doute: d\u00e9chirure des ligaments crois\u00e9s et rupture partielle du ligament interne. Les m\u00e9nisques ne devraient toutefois pas \u00eatre touch\u00e9s. Je dois actuellement attendre que l&rsquo;\u00e9panchement se r\u00e9solve.<\/p>\n<p>Apr\u00e8s avoir touch\u00e9 du bout des doigts mes d\u00e9buts en coupe du monde, ce n&rsquo;est pas facile \u00e0 encaisser. Mais je suis d\u00e9j\u00e0 tourn\u00e9 vers la saison prochaine avec un vision \u00e0 long terme pour ma gu\u00e9rison. J&rsquo;ai dit aux m\u00e9decins qu&rsquo;il fallait faire en sorte qu&rsquo;\u00e0 50 ans je puisse toujours faire du sport sans douleur.\u00a0Si l&rsquo;op\u00e9ration et la convalescence se d\u00e9roulent correctement, je devrais pouvoir remonter sur les skis en septembre normalement. La pr\u00e9paration de ma prochaine saison ne devrait donc pas \u00eatre compromise.<\/p>\n<p>Merci pour votre soutien qui compte plus que jamais.<\/p>\n<p>Meilleures salutations sportives. A bient\u00f4t.<\/p>\n<p>Arnaud Boisset<\/p>\n","protected":false},"excerpt":{"rendered":"<p>Hello tout le monde, J&rsquo;aurais pr\u00e9f\u00e9r\u00e9 vous annoncer ma premi\u00e8re s\u00e9lection en coupe du monde mais malheureusement\u00a0le destin en a voulu autrement. Samedi, je suis tomb\u00e9 lors de la descente de Coupe d&rsquo;Europe qui avait lieu \u00e0 Orci\u00e8res en France. En me relevant, j&rsquo;ai ressenti des douleurs au genou mais aucun diagnostic n&rsquo;a pu \u00eatre [&hellip;]<\/p>\n","protected":false},"author":2,"featured_media":0,"comment_status":"closed","ping_status":"closed","sticky":true,"template":"","format":"standard","meta":{"_et_pb_use_builder":"","_et_pb_old_content":"","_et_gb_content_width":"","footnotes":""},"categories":[30],"tags":[],"class_list":["post-3864","post","type-post","status-publish","format-standard","hentry","category-arnaud-boisset"],"_links":{"self":[{"href":"https:\/\/vivresonreve.ch\/index.php?rest_route=\/wp\/v2\/posts\/3864","targetHints":{"allow":["GET"]}}],"collection":[{"href":"https:\/\/vivresonreve.ch\/index.php?rest_route=\/wp\/v2\/posts"}],"about":[{"href":"https:\/\/vivresonreve.ch\/index.php?rest_route=\/wp\/v2\/types\/post"}],"author":[{"embeddable":true,"href":"https:\/\/vivresonreve.ch\/index.php?rest_route=\/wp\/v2\/users\/2"}],"replies":[{"embeddable":true,"href":"https:\/\/vivresonreve.ch\/index.php?rest_route=%2Fwp%2Fv2%2Fcomments&post=3864"}],"version-history":[{"count":1,"href":"https:\/\/vivresonreve.ch\/index.php?rest_route=\/wp\/v2\/posts\/3864\/revisions"}],"predecessor-version":[{"id":3865,"href":"https:\/\/vivresonreve.ch\/index.php?rest_route=\/wp\/v2\/posts\/3864\/revisions\/3865"}],"wp:attachment":[{"href":"https:\/\/vivresonreve.ch\/index.php?rest_route=%2Fwp%2Fv2%2Fmedia&parent=3864"}],"wp:term":[{"taxonomy":"category","embeddable":true,"href":"https:\/\/vivresonreve.ch\/index.php?rest_route=%2Fwp%2Fv2%2Fcategories&post=3864"},{"taxonomy":"post_tag","embeddable":true,"href":"https:\/\/vivresonreve.ch\/index.php?rest_route=%2Fwp%2Fv2%2Ftags&post=3864"}],"curies":[{"name":"wp","href":"https:\/\/api.w.org\/{rel}","templated":true}]}}