{"id":3657,"date":"2019-12-28T09:53:39","date_gmt":"2019-12-28T09:53:39","guid":{"rendered":"http:\/\/vivresonreve.ch\/?p=3657"},"modified":"2020-02-17T10:32:44","modified_gmt":"2020-02-17T10:32:44","slug":"arnaud-boisset-des-resultats-impressionnants-pour-noel","status":"publish","type":"post","link":"https:\/\/vivresonreve.ch\/?p=3657","title":{"rendered":"Arnaud Boisset : des r\u00e9sultats impressionnants pour No\u00ebl!"},"content":{"rendered":"<p>Je suis heureux de vous annoncer que je continue de surfer sur la vague du bon d\u00e9but de saison!<\/p>\n<p>En d\u00e9but de semaine, nous \u00e9tions \u00e0 Santa Caterina, en Italie, pour y disputer deux \u00e9preuves comptant pour la Coupe d\u2019Europe. Lors de la premi\u00e8re, un combin\u00e9, tout avait bien commenc\u00e9: j\u2019avais le dossard 2 et je r\u00e9alisais le 2\u00e8me\u00a0chrono au dernier temps interm\u00e9diaire quand je suis sorti \u00e0 trois portes de l\u2019arriv\u00e9e\u2026 Dommage, mon ski \u00e9tait en place, mais c\u2019\u00e9tait la deuxi\u00e8me fois cons\u00e9cutive que je sortais en super-G. Pas top pour la confiance\u00a0! J&rsquo;ai rapidement d\u00fb relever la t\u00eate et ne pas broyer du noir pendant le trajet de 7h de voiture pour se rendre \u00e0 Zinal.<\/p>\n<p>Hier, nous \u00e9tions \u00e0 Zinal pour deux super-G. Il avait pas mal neig\u00e9 pendant la nuit mais les organisateurs avaient accompli un super boulot, et la neige \u00e9tait top. Pour la premi\u00e8re \u00e9preuve, je me suis \u00e9lanc\u00e9 avec un dossard \u00e9lev\u00e9, le 39, \u00e9tant donn\u00e9 que je n\u2019avais pas marqu\u00e9 de points \u00e0 Santa Caterina. J\u2019ai vraiment tout donn\u00e9, et j\u2019ai pris tous les risques. Et \u00e7a a pay\u00e9 puisque j\u2019ai termin\u00e9 3e. G\u00e9nial\u00a0! <strong>C&rsquo;est mon 1er podium en coupe d&rsquo;Europe en super-G qui s&rsquo;ajoute \u00e0 celui d\u00e9croch\u00e9 en d\u00e9but d&rsquo;ann\u00e9e en descente \u00e0 Chamonix<\/strong>.<\/p>\n<p>Lors de la 2\u00e8me \u00e9preuve j\u2019ai r\u00e9alis\u00e9 une bonne course, un peu \u00e0 l\u2019image de la premi\u00e8re, et <strong>j\u2019ai r\u00e9ussi le 7e\u00a0temps. C\u2019est un double r\u00e9sultat qui me satisfait vraiment<\/strong>, d\u2019autant plus que le plateau \u00e9tait tr\u00e8s relev\u00e9, avec la pr\u00e9sence de tous les skieurs de retour des Etats-Unis. \u00c7a fait plaisir de constater que, lorsque les Suisses de Coupe du monde courent avec nous, nous ne sommes pas \u00e0 l\u2019ouest et qu\u2019il y a match. C\u2019est un point vraiment tr\u00e8s positif.\u00a0Je me suis tr\u00e8s heureux de ce tr\u00e8s bon d\u00e9but de saison en coupe d&rsquo;Europe \u00e9galement.<\/p>\n<p>Maintenant je vais mettre le cap sur le Canada\u00a0! Comme la Coupe d\u2019Europe ne reprendra pour moi que le 11 janvier \u00e0 Wengen, j\u2019avais un mois de libre. Avec quatre autres skieurs, \u00e0 savoir Tanguy Nef, Beno\u00eet Fumeaux, Nicola Niemeyer et Yannick Dobler, nous avons en effet d\u00e9cid\u00e9 de partir samedi pour le Canada, dans l\u2019objectif de disputer des \u00e9preuves techniques nord am\u00e9ricaines, donc slalom et g\u00e9ant. Pour ce qui me concerne, j\u2019y vais non pas pour chasser les points mais plus dans l\u2019id\u00e9e de vivre une nouvelle exp\u00e9rience. Ce voyage est organis\u00e9 en dehors de la structure Swiss-Ski puisque nous sommes en fait soutenus par le SAS (Ski-club Acad\u00e9mique Suisse), qui regroupe les skieurs universitaires de Suisse. Ils ont vraiment aim\u00e9 notre projet quand on le leur a pr\u00e9sent\u00e9 et ont d\u00e9cid\u00e9 de nous soutenir.\u00a0\u00a0Je suis impatient de monter dans l\u2019avion, ce sera mon premier s\u00e9jour au Canada. J&rsquo;esp\u00e8re vivre une exp\u00e9rience unique et riche en \u00e9motions!<\/p>\n<p>Ensuite, je vais rentrer \u00e0 la maison pour No\u00ebl, prendre un peu de repos. Car il va falloir encha\u00eener les \u00e9preuves en janvier. Maintenant que j\u2019ai d\u00e9j\u00e0 r\u00e9ussi un podium en super-G cette saison, il va falloir \u00eatre pr\u00e9sent en descente \u00e9galement le but \u00e9tant de jouer les tout premiers r\u00f4les.<\/p>\n<p>Merci pour votre soutien!<\/p>\n<p>&nbsp;<\/p>\n<p>Meilleures salutations sportives.<\/p>\n<p>Arnaud Boisset<\/p>\n","protected":false},"excerpt":{"rendered":"<p>Je suis heureux de vous annoncer que je continue de surfer sur la vague du bon d\u00e9but de saison! En d\u00e9but de semaine, nous \u00e9tions \u00e0 Santa Caterina, en Italie, pour y disputer deux \u00e9preuves comptant pour la Coupe d\u2019Europe. Lors de la premi\u00e8re, un combin\u00e9, tout avait bien commenc\u00e9: j\u2019avais le dossard 2 et [&hellip;]<\/p>\n","protected":false},"author":2,"featured_media":0,"comment_status":"closed","ping_status":"closed","sticky":true,"template":"","format":"standard","meta":{"_et_pb_use_builder":"","_et_pb_old_content":"","_et_gb_content_width":"","footnotes":""},"categories":[30],"tags":[],"class_list":["post-3657","post","type-post","status-publish","format-standard","hentry","category-arnaud-boisset"],"_links":{"self":[{"href":"https:\/\/vivresonreve.ch\/index.php?rest_route=\/wp\/v2\/posts\/3657","targetHints":{"allow":["GET"]}}],"collection":[{"href":"https:\/\/vivresonreve.ch\/index.php?rest_route=\/wp\/v2\/posts"}],"about":[{"href":"https:\/\/vivresonreve.ch\/index.php?rest_route=\/wp\/v2\/types\/post"}],"author":[{"embeddable":true,"href":"https:\/\/vivresonreve.ch\/index.php?rest_route=\/wp\/v2\/users\/2"}],"replies":[{"embeddable":true,"href":"https:\/\/vivresonreve.ch\/index.php?rest_route=%2Fwp%2Fv2%2Fcomments&post=3657"}],"version-history":[{"count":1,"href":"https:\/\/vivresonreve.ch\/index.php?rest_route=\/wp\/v2\/posts\/3657\/revisions"}],"predecessor-version":[{"id":3658,"href":"https:\/\/vivresonreve.ch\/index.php?rest_route=\/wp\/v2\/posts\/3657\/revisions\/3658"}],"wp:attachment":[{"href":"https:\/\/vivresonreve.ch\/index.php?rest_route=%2Fwp%2Fv2%2Fmedia&parent=3657"}],"wp:term":[{"taxonomy":"category","embeddable":true,"href":"https:\/\/vivresonreve.ch\/index.php?rest_route=%2Fwp%2Fv2%2Fcategories&post=3657"},{"taxonomy":"post_tag","embeddable":true,"href":"https:\/\/vivresonreve.ch\/index.php?rest_route=%2Fwp%2Fv2%2Ftags&post=3657"}],"curies":[{"name":"wp","href":"https:\/\/api.w.org\/{rel}","templated":true}]}}