{"id":3654,"date":"2019-12-28T09:40:40","date_gmt":"2019-12-28T09:40:40","guid":{"rendered":"http:\/\/vivresonreve.ch\/?p=3654"},"modified":"2020-02-17T10:32:44","modified_gmt":"2020-02-17T10:32:44","slug":"arnaud-boisset-gagne-son-premier-super-g-fis","status":"publish","type":"post","link":"https:\/\/vivresonreve.ch\/?p=3654","title":{"rendered":"Arnaud Boisset gagne son premier Super-G FIS!"},"content":{"rendered":"<div>La saison venant de commencer, je me permet de vous faire un feedback sur la fin de ma pr\u00e9paration et le d\u00e9but de la saison.<\/div>\n<div>Fin octobre, nous avons abandonn\u00e9 notre programme d\u2019entra\u00eenement sur les glaciers suisses pour nous rendre \u00e0 Pitztal, en Autriche, puis \u00e0 Diavolezza, et enfin \u00e0 Zinal. Si les conditions \u00e9taient bonnes, voire parfaites, les pistes n\u2019\u00e9taient malheureusement pas assez longues ni assez s\u00fbres pour de la vitesse. Personnellement, cela ne m\u2019a pas vraiment d\u00e9rang\u00e9 car j\u2019estimais que nous n\u2019avions pas fait assez de technique. Du coup, j\u2019\u00e9tais content de remettre les skis de slalom et de g\u00e9ant.<\/div>\n<div>Ma saison devait d\u00e9buter par des super-G \u00e0 Tignes mais ces \u00e9preuves ont \u00e9t\u00e9 annul\u00e9es en raison d\u2019importantes chutes de neige. Si bien que je me suis retrouv\u00e9 un peu d\u00e9s\u0153uvr\u00e9 pendant une semaine. Dans ces conditions, pourquoi ne pas participer aux slaloms FIS de Diavolezza ? Certes, j\u2019avais eu en tout et pour tout cinq jours d\u2019entra\u00eenement en slalom cet \u00e9t\u00e9, mais plut\u00f4t que de rester \u00e0 la maison en rongeant mon frein, j\u2019ai pr\u00e9f\u00e9r\u00e9 me replonger dans le bain de la comp\u00e9tition. Bon, les r\u00e9sultats ont \u00e9t\u00e9 plut\u00f4t d\u00e9cevants, pas \u00e0 la hauteur des qualit\u00e9s que j\u2019avais d\u00e9montr\u00e9es par le pass\u00e9 dans la discipline mais ce n&rsquo;\u00e9tait pas grave, l&rsquo;essentiel \u00e9tait de retrouver le rythme de course.<\/div>\n<div>La semaine derni\u00e8re, lundi et mardi, nous nous sommes entra\u00een\u00e9s \u00e0 Zinal avant d\u2019y disputer deux g\u00e9ants FIS. J\u2019\u00e9tais satisfait de mon niveau technique, cela faisait m\u00eame un certain temps que je n\u2019avais plus aussi bien ski\u00e9 en g\u00e9ant. J&rsquo;ai fait des courses dans l&rsquo;ensemble bonne il manquait juste un peu de prise de risque pour jouer les tous premiers r\u00f4les.<\/div>\n<div>Cette semaine enfin, nous avons disput\u00e9 des courses de super-G \u00e0 Zinal. Comme nous aurons les coupe d&rsquo;Europe sur cette m\u00eame piste d&rsquo;ici deux semaines, beaucoup d&rsquo;\u00e9quipes \u00e9trang\u00e8res avaient fait le d\u00e9placement (Italie, France notamment). J&rsquo;ai effectu\u00e9 une excellente premi\u00e8re course avec une grosse prise de risque cette fois, et \u00e7a a pay\u00e9! J&rsquo;ai en effet remport\u00e9 la premi\u00e8re course avec une avance confortable sur mes concurrents. <strong>C&rsquo;est la premi\u00e8re fois que je gagne une course FIS de super-G et celle-ci a une saveur particuli\u00e8re vu le beau monde pr\u00e9sent au d\u00e9part<\/strong>. Pour situer c&rsquo;est une performance qui va me faire gagner des rangs dans la hi\u00e9rarchie mondiale pour passer de la 130\u00e8me place \u00e0 la 80\u00e8me! La saison est donc lanc\u00e9e et je compte continuer \u00e0 surfer sur cette vague de confiance pour performer lors des premi\u00e8res coupe d&rsquo;Europe.<\/div>\n<div><\/div>\n<div>Merci pour votre soutien!<\/div>\n<div><\/div>\n<div>Meilleures salutations sportives.<\/div>\n<div>Arnaud Boisset<\/div>\n","protected":false},"excerpt":{"rendered":"<p>La saison venant de commencer, je me permet de vous faire un feedback sur la fin de ma pr\u00e9paration et le d\u00e9but de la saison. Fin octobre, nous avons abandonn\u00e9 notre programme d\u2019entra\u00eenement sur les glaciers suisses pour nous rendre \u00e0 Pitztal, en Autriche, puis \u00e0 Diavolezza, et enfin \u00e0 Zinal. Si les conditions \u00e9taient [&hellip;]<\/p>\n","protected":false},"author":2,"featured_media":0,"comment_status":"closed","ping_status":"closed","sticky":true,"template":"","format":"standard","meta":{"_et_pb_use_builder":"","_et_pb_old_content":"","_et_gb_content_width":"","footnotes":""},"categories":[30],"tags":[],"class_list":["post-3654","post","type-post","status-publish","format-standard","hentry","category-arnaud-boisset"],"_links":{"self":[{"href":"https:\/\/vivresonreve.ch\/index.php?rest_route=\/wp\/v2\/posts\/3654","targetHints":{"allow":["GET"]}}],"collection":[{"href":"https:\/\/vivresonreve.ch\/index.php?rest_route=\/wp\/v2\/posts"}],"about":[{"href":"https:\/\/vivresonreve.ch\/index.php?rest_route=\/wp\/v2\/types\/post"}],"author":[{"embeddable":true,"href":"https:\/\/vivresonreve.ch\/index.php?rest_route=\/wp\/v2\/users\/2"}],"replies":[{"embeddable":true,"href":"https:\/\/vivresonreve.ch\/index.php?rest_route=%2Fwp%2Fv2%2Fcomments&post=3654"}],"version-history":[{"count":1,"href":"https:\/\/vivresonreve.ch\/index.php?rest_route=\/wp\/v2\/posts\/3654\/revisions"}],"predecessor-version":[{"id":3655,"href":"https:\/\/vivresonreve.ch\/index.php?rest_route=\/wp\/v2\/posts\/3654\/revisions\/3655"}],"wp:attachment":[{"href":"https:\/\/vivresonreve.ch\/index.php?rest_route=%2Fwp%2Fv2%2Fmedia&parent=3654"}],"wp:term":[{"taxonomy":"category","embeddable":true,"href":"https:\/\/vivresonreve.ch\/index.php?rest_route=%2Fwp%2Fv2%2Fcategories&post=3654"},{"taxonomy":"post_tag","embeddable":true,"href":"https:\/\/vivresonreve.ch\/index.php?rest_route=%2Fwp%2Fv2%2Ftags&post=3654"}],"curies":[{"name":"wp","href":"https:\/\/api.w.org\/{rel}","templated":true}]}}