{"id":3614,"date":"2019-07-29T07:27:56","date_gmt":"2019-07-29T07:27:56","guid":{"rendered":"http:\/\/vivresonreve.ch\/?p=3614"},"modified":"2019-07-29T07:28:18","modified_gmt":"2019-07-29T07:28:18","slug":"malika-a-kazan","status":"publish","type":"post","link":"https:\/\/vivresonreve.ch\/?p=3614","title":{"rendered":"Malika \u00e0 Kazan"},"content":{"rendered":"<p>Chers partenaire,<\/p>\n<p>Notre jeune sprinteuse de natation Malika(15 ans) a brill\u00e9 derni\u00e8rement aux championnats d&rsquo;europe \u00e0 Kazan en Russie&#8230;.<\/p>\n<p>Sur son 50m dos encadr\u00e9e par l&rsquo;\u00e9quipe Suisse, elle \u00e0 r\u00e9ussi la superbe performance de se qualifier pour les demis-finales de la comp\u00e9tition la plus \u00e9lev\u00e9e de l&rsquo;ann\u00e9e chez les juniors en Europe.<\/p>\n<p>Elle a termin\u00e9 chez les 17 ans et moins, 16 \u00e8me sur environ 40 athl\u00e8tes&#8230; \u00e0 savoir que la majorit\u00e9 de 17 ans \u00e9tait pr\u00e9sente pour la derni\u00e8re fois sur cette comp\u00e9tition.<\/p>\n<p>Il est bon de pr\u00e9ciser que Malika \u00e0 encore 2 participations possible dans le futur pour ce grand rdv avec encore une \u00e9norme marge de progression&#8230;..<\/p>\n<p>Paco ReporterManager TeamMalikaGobet<\/p>\n<p><img loading=\"lazy\" decoding=\"async\" class=\"alignnone size-full wp-image-3615\" src=\"https:\/\/vivresonreve.ch\/wp-content\/uploads\/2019\/07\/KazanStadMG.jpg\" alt=\"\" width=\"1024\" height=\"768\" srcset=\"https:\/\/vivresonreve.ch\/wp-content\/uploads\/2019\/07\/KazanStadMG.jpg 1024w, https:\/\/vivresonreve.ch\/wp-content\/uploads\/2019\/07\/KazanStadMG-300x225.jpg 300w, https:\/\/vivresonreve.ch\/wp-content\/uploads\/2019\/07\/KazanStadMG-600x450.jpg 600w, https:\/\/vivresonreve.ch\/wp-content\/uploads\/2019\/07\/KazanStadMG-768x576.jpg 768w\" sizes=\"auto, (max-width: 1024px) 100vw, 1024px\" \/><\/p>\n","protected":false},"excerpt":{"rendered":"<p>Chers partenaire, Notre jeune sprinteuse de natation Malika(15 ans) a brill\u00e9 derni\u00e8rement aux championnats d&rsquo;europe \u00e0 Kazan en Russie&#8230;. Sur son 50m dos encadr\u00e9e par l&rsquo;\u00e9quipe Suisse, elle \u00e0 r\u00e9ussi la superbe performance de se qualifier pour les demis-finales de la comp\u00e9tition la plus \u00e9lev\u00e9e de l&rsquo;ann\u00e9e chez les juniors en Europe. Elle a termin\u00e9 [&hellip;]<\/p>\n","protected":false},"author":2,"featured_media":0,"comment_status":"closed","ping_status":"closed","sticky":true,"template":"","format":"standard","meta":{"_et_pb_use_builder":"","_et_pb_old_content":"","_et_gb_content_width":"","footnotes":""},"categories":[23],"tags":[],"class_list":["post-3614","post","type-post","status-publish","format-standard","hentry","category-malika"],"_links":{"self":[{"href":"https:\/\/vivresonreve.ch\/index.php?rest_route=\/wp\/v2\/posts\/3614","targetHints":{"allow":["GET"]}}],"collection":[{"href":"https:\/\/vivresonreve.ch\/index.php?rest_route=\/wp\/v2\/posts"}],"about":[{"href":"https:\/\/vivresonreve.ch\/index.php?rest_route=\/wp\/v2\/types\/post"}],"author":[{"embeddable":true,"href":"https:\/\/vivresonreve.ch\/index.php?rest_route=\/wp\/v2\/users\/2"}],"replies":[{"embeddable":true,"href":"https:\/\/vivresonreve.ch\/index.php?rest_route=%2Fwp%2Fv2%2Fcomments&post=3614"}],"version-history":[{"count":1,"href":"https:\/\/vivresonreve.ch\/index.php?rest_route=\/wp\/v2\/posts\/3614\/revisions"}],"predecessor-version":[{"id":3616,"href":"https:\/\/vivresonreve.ch\/index.php?rest_route=\/wp\/v2\/posts\/3614\/revisions\/3616"}],"wp:attachment":[{"href":"https:\/\/vivresonreve.ch\/index.php?rest_route=%2Fwp%2Fv2%2Fmedia&parent=3614"}],"wp:term":[{"taxonomy":"category","embeddable":true,"href":"https:\/\/vivresonreve.ch\/index.php?rest_route=%2Fwp%2Fv2%2Fcategories&post=3614"},{"taxonomy":"post_tag","embeddable":true,"href":"https:\/\/vivresonreve.ch\/index.php?rest_route=%2Fwp%2Fv2%2Ftags&post=3614"}],"curies":[{"name":"wp","href":"https:\/\/api.w.org\/{rel}","templated":true}]}}