{"id":3584,"date":"2019-04-26T08:46:13","date_gmt":"2019-04-26T08:46:13","guid":{"rendered":"http:\/\/vivresonreve.ch\/?p=3584"},"modified":"2019-04-26T08:47:20","modified_gmt":"2019-04-26T08:47:20","slug":"le-bronze-aux-multinational-pour-malika","status":"publish","type":"post","link":"https:\/\/vivresonreve.ch\/?p=3584","title":{"rendered":"Le bronze aux multinations pour Malika"},"content":{"rendered":"<p>Le 13 et 14 avril \u00e0 Graz en Autriche s est d\u00e9roul\u00e9 le meeting internationale des multinations (\u00e2ge 2004-2005).<br \/>\n12\u00a0 pays \u00e9tait repr\u00e9sent\u00e9 avec leurs meilleures nageurs et nageuses pour chaque discipline.<br \/>\nNotre valdo-fribourgeoise de Crans( VD) Malika Gobet \u00e0 brillament d\u00e9fendu notre drapeau puisqu elle \u00e0 r\u00e9ussi \u00e0 nager son 100m dos en 1.04.95 et nous a d\u00e9crocher la 3\u00e8me place..<br \/>\nCette m\u00e9daille est une grosse perf puisque c est la seule m\u00e9daille du week-end de l \u00e9quipe de Suisse(sur env 20 athl\u00e8tes)<br \/>\nUn grand bravo pour sa premi\u00e8re m\u00e9daille dans le haut niveau internationale&#8230;<\/p>\n<p><em>Pascal Gobet Reporter Manager Team Malika Gobet<\/em><\/p>\n<p><img loading=\"lazy\" decoding=\"async\" class=\"alignnone size-full wp-image-3585\" src=\"https:\/\/vivresonreve.ch\/wp-content\/uploads\/2019\/04\/IMG-20190414-WA0027.jpg\" alt=\"\" width=\"1469\" height=\"1207\" srcset=\"https:\/\/vivresonreve.ch\/wp-content\/uploads\/2019\/04\/IMG-20190414-WA0027.jpg 1469w, https:\/\/vivresonreve.ch\/wp-content\/uploads\/2019\/04\/IMG-20190414-WA0027-600x493.jpg 600w, https:\/\/vivresonreve.ch\/wp-content\/uploads\/2019\/04\/IMG-20190414-WA0027-300x246.jpg 300w, https:\/\/vivresonreve.ch\/wp-content\/uploads\/2019\/04\/IMG-20190414-WA0027-768x631.jpg 768w, https:\/\/vivresonreve.ch\/wp-content\/uploads\/2019\/04\/IMG-20190414-WA0027-1024x841.jpg 1024w, https:\/\/vivresonreve.ch\/wp-content\/uploads\/2019\/04\/IMG-20190414-WA0027-1080x887.jpg 1080w\" sizes=\"auto, (max-width: 1469px) 100vw, 1469px\" \/><\/p>\n","protected":false},"excerpt":{"rendered":"<p>Le 13 et 14 avril \u00e0 Graz en Autriche s est d\u00e9roul\u00e9 le meeting internationale des multinations (\u00e2ge 2004-2005). 12\u00a0 pays \u00e9tait repr\u00e9sent\u00e9 avec leurs meilleures nageurs et nageuses pour chaque discipline. Notre valdo-fribourgeoise de Crans( VD) Malika Gobet \u00e0 brillament d\u00e9fendu notre drapeau puisqu elle \u00e0 r\u00e9ussi \u00e0 nager son 100m dos en 1.04.95 [&hellip;]<\/p>\n","protected":false},"author":2,"featured_media":0,"comment_status":"closed","ping_status":"closed","sticky":true,"template":"","format":"standard","meta":{"_et_pb_use_builder":"","_et_pb_old_content":"","_et_gb_content_width":"","footnotes":""},"categories":[23],"tags":[],"class_list":["post-3584","post","type-post","status-publish","format-standard","hentry","category-malika"],"_links":{"self":[{"href":"https:\/\/vivresonreve.ch\/index.php?rest_route=\/wp\/v2\/posts\/3584","targetHints":{"allow":["GET"]}}],"collection":[{"href":"https:\/\/vivresonreve.ch\/index.php?rest_route=\/wp\/v2\/posts"}],"about":[{"href":"https:\/\/vivresonreve.ch\/index.php?rest_route=\/wp\/v2\/types\/post"}],"author":[{"embeddable":true,"href":"https:\/\/vivresonreve.ch\/index.php?rest_route=\/wp\/v2\/users\/2"}],"replies":[{"embeddable":true,"href":"https:\/\/vivresonreve.ch\/index.php?rest_route=%2Fwp%2Fv2%2Fcomments&post=3584"}],"version-history":[{"count":2,"href":"https:\/\/vivresonreve.ch\/index.php?rest_route=\/wp\/v2\/posts\/3584\/revisions"}],"predecessor-version":[{"id":3587,"href":"https:\/\/vivresonreve.ch\/index.php?rest_route=\/wp\/v2\/posts\/3584\/revisions\/3587"}],"wp:attachment":[{"href":"https:\/\/vivresonreve.ch\/index.php?rest_route=%2Fwp%2Fv2%2Fmedia&parent=3584"}],"wp:term":[{"taxonomy":"category","embeddable":true,"href":"https:\/\/vivresonreve.ch\/index.php?rest_route=%2Fwp%2Fv2%2Fcategories&post=3584"},{"taxonomy":"post_tag","embeddable":true,"href":"https:\/\/vivresonreve.ch\/index.php?rest_route=%2Fwp%2Fv2%2Ftags&post=3584"}],"curies":[{"name":"wp","href":"https:\/\/api.w.org\/{rel}","templated":true}]}}