{"id":3166,"date":"2018-12-18T14:33:21","date_gmt":"2018-12-18T14:33:21","guid":{"rendered":"http:\/\/vivresonreve.ch\/?p=3166"},"modified":"2018-12-18T14:40:39","modified_gmt":"2018-12-18T14:40:39","slug":"malika-dans-le-cadre-de-lequipe-suisse","status":"publish","type":"post","link":"https:\/\/vivresonreve.ch\/?p=3166","title":{"rendered":"Malika dans le cadre de l&rsquo;\u00e9quipe Suisse"},"content":{"rendered":"<p>Chers partenaires, Chers amis,<\/p>\n<p>notre championne Malika Gobet a particip\u00e9 ce week-end au Vernets GE \u00e0 la comp\u00e9tition organis\u00e9 par le NSG.<br \/>\n<strong>Le samedi<\/strong> apr\u00e8s avoir am\u00e9lior\u00e9 sa meilleure performance personnelle sur le 100m Dos, elle a nag\u00e9 en fin de journ\u00e9e un formidable 50m libre pour nous d\u00e9crocher\u00a0un nouveau Record Suisse Junior en 27.07 &#8230;son 16\u00e8me!<br \/>\n<strong>Et le dimanche<\/strong> apr\u00e8s avoir termin\u00e9 1\u00e8re de sa course du matin elle nous a d\u00e9croch\u00e9 en fin de journ\u00e9e sur son 50m dos un temps de 29.94s qui la qualifie pour l&rsquo;\u00e9quipe Suisse.<\/p>\n<p>Donc officiellement Malika Gobet rentre dans les cadres de l&rsquo;\u00e9quipe Suisse.\u00a0Yessssssssss!\u00a0Avec ce superbe chrono elle s&rsquo;est class\u00e9e \u00e0 ce jour 3\u00e8me Europ\u00e9enne dans les tabelles chez les 14 ans sur le 50m dos.\u00a0On est aux anges&#8230;<\/p>\n<p>Dernier grand rdv<strong> ce jeudi soir 20 d\u00e9cembre<\/strong> \u00e0 Lausanne o\u00f9 Malika va nager son 50m dos contre les meilleures du monde \u00e0\u00a0la Swimmcup; l&rsquo;\u00e9quivalent de Athl\u00e9tissima mais en natation .<\/p>\n<p>Un tout grand merci \u00e0 tous ceux qui sont \u00e0 nos c\u00f4t\u00e9s et qui nous soutiennent et nous suivent dans le bain tout au long de l&rsquo;ann\u00e9e.<\/p>\n<p>Meilleures voeux pour cette fin d&rsquo;ann\u00e9e.<\/p>\n<p><em>TeamMalikaGobet<\/em><br \/>\n<em>Pascal Gobet<\/em><\/p>\n","protected":false},"excerpt":{"rendered":"<p>Chers partenaires, Chers amis, notre championne Malika Gobet a particip\u00e9 ce week-end au Vernets GE \u00e0 la comp\u00e9tition organis\u00e9 par le NSG. Le samedi apr\u00e8s avoir am\u00e9lior\u00e9 sa meilleure performance personnelle sur le 100m Dos, elle a nag\u00e9 en fin de journ\u00e9e un formidable 50m libre pour nous d\u00e9crocher\u00a0un nouveau Record Suisse Junior en 27.07 [&hellip;]<\/p>\n","protected":false},"author":2,"featured_media":0,"comment_status":"closed","ping_status":"closed","sticky":true,"template":"","format":"standard","meta":{"_et_pb_use_builder":"","_et_pb_old_content":"","_et_gb_content_width":"","footnotes":""},"categories":[23],"tags":[],"class_list":["post-3166","post","type-post","status-publish","format-standard","hentry","category-malika"],"_links":{"self":[{"href":"https:\/\/vivresonreve.ch\/index.php?rest_route=\/wp\/v2\/posts\/3166","targetHints":{"allow":["GET"]}}],"collection":[{"href":"https:\/\/vivresonreve.ch\/index.php?rest_route=\/wp\/v2\/posts"}],"about":[{"href":"https:\/\/vivresonreve.ch\/index.php?rest_route=\/wp\/v2\/types\/post"}],"author":[{"embeddable":true,"href":"https:\/\/vivresonreve.ch\/index.php?rest_route=\/wp\/v2\/users\/2"}],"replies":[{"embeddable":true,"href":"https:\/\/vivresonreve.ch\/index.php?rest_route=%2Fwp%2Fv2%2Fcomments&post=3166"}],"version-history":[{"count":8,"href":"https:\/\/vivresonreve.ch\/index.php?rest_route=\/wp\/v2\/posts\/3166\/revisions"}],"predecessor-version":[{"id":3174,"href":"https:\/\/vivresonreve.ch\/index.php?rest_route=\/wp\/v2\/posts\/3166\/revisions\/3174"}],"wp:attachment":[{"href":"https:\/\/vivresonreve.ch\/index.php?rest_route=%2Fwp%2Fv2%2Fmedia&parent=3166"}],"wp:term":[{"taxonomy":"category","embeddable":true,"href":"https:\/\/vivresonreve.ch\/index.php?rest_route=%2Fwp%2Fv2%2Fcategories&post=3166"},{"taxonomy":"post_tag","embeddable":true,"href":"https:\/\/vivresonreve.ch\/index.php?rest_route=%2Fwp%2Fv2%2Ftags&post=3166"}],"curies":[{"name":"wp","href":"https:\/\/api.w.org\/{rel}","templated":true}]}}