{"id":2787,"date":"2018-11-08T15:51:39","date_gmt":"2018-11-08T15:51:39","guid":{"rendered":"http:\/\/vivresonreve.ch\/?p=2787"},"modified":"2019-12-28T09:36:41","modified_gmt":"2019-12-28T09:36:41","slug":"la-preparation-darnaud","status":"publish","type":"post","link":"https:\/\/vivresonreve.ch\/?p=2787","title":{"rendered":"La pr\u00e9paration d&rsquo;Arnaud"},"content":{"rendered":"<p>Cher Sponsor,<br \/>\nTout d&rsquo;abord merci de me soutenir cette ann\u00e9e encore. La saison de pr\u00e9paration touche \u00e0 sa fin. J&rsquo;ai particip\u00e9 \u00e0 plus de 10 camps depuis ce printemps \u00e0 travers toute la Suisse. Mais aussi le d\u00e9sormais habituel camp en Allemagne dans le tunnel o\u00f9 j&rsquo;ai pu pour la premi\u00e8re fois depuis la fin de la saison remettre les skis. Je sors aujourd&rsquo;hui de ma premi\u00e8re semaine sur la neige de Davos, durant laquelle j&rsquo;ai retrouv\u00e9 les bonnes sensations qui m&rsquo;avait un peu manqu\u00e9 cet \u00e9t\u00e9. Mes premi\u00e8res courses se d\u00e9rouleront \u00e0 Goms d\u00e9but d\u00e9cembre si la neige le permet.<br \/>\nJe vous souhaite un magnifique automne et un joli d\u00e9but d&rsquo;hiver plein de neige.<\/p>\n<p>Arnaud<\/p>\n","protected":false},"excerpt":{"rendered":"<p>Cher Sponsor, Tout d&rsquo;abord merci de me soutenir cette ann\u00e9e encore. La saison de pr\u00e9paration touche \u00e0 sa fin. J&rsquo;ai particip\u00e9 \u00e0 plus de 10 camps depuis ce printemps \u00e0 travers toute la Suisse. Mais aussi le d\u00e9sormais habituel camp en Allemagne dans le tunnel o\u00f9 j&rsquo;ai pu pour la premi\u00e8re fois depuis la fin [&hellip;]<\/p>\n","protected":false},"author":2,"featured_media":0,"comment_status":"closed","ping_status":"closed","sticky":true,"template":"","format":"standard","meta":{"_et_pb_use_builder":"","_et_pb_old_content":"","_et_gb_content_width":"","footnotes":""},"categories":[30],"tags":[],"class_list":["post-2787","post","type-post","status-publish","format-standard","hentry","category-arnaud-boisset"],"_links":{"self":[{"href":"https:\/\/vivresonreve.ch\/index.php?rest_route=\/wp\/v2\/posts\/2787","targetHints":{"allow":["GET"]}}],"collection":[{"href":"https:\/\/vivresonreve.ch\/index.php?rest_route=\/wp\/v2\/posts"}],"about":[{"href":"https:\/\/vivresonreve.ch\/index.php?rest_route=\/wp\/v2\/types\/post"}],"author":[{"embeddable":true,"href":"https:\/\/vivresonreve.ch\/index.php?rest_route=\/wp\/v2\/users\/2"}],"replies":[{"embeddable":true,"href":"https:\/\/vivresonreve.ch\/index.php?rest_route=%2Fwp%2Fv2%2Fcomments&post=2787"}],"version-history":[{"count":1,"href":"https:\/\/vivresonreve.ch\/index.php?rest_route=\/wp\/v2\/posts\/2787\/revisions"}],"predecessor-version":[{"id":2788,"href":"https:\/\/vivresonreve.ch\/index.php?rest_route=\/wp\/v2\/posts\/2787\/revisions\/2788"}],"wp:attachment":[{"href":"https:\/\/vivresonreve.ch\/index.php?rest_route=%2Fwp%2Fv2%2Fmedia&parent=2787"}],"wp:term":[{"taxonomy":"category","embeddable":true,"href":"https:\/\/vivresonreve.ch\/index.php?rest_route=%2Fwp%2Fv2%2Fcategories&post=2787"},{"taxonomy":"post_tag","embeddable":true,"href":"https:\/\/vivresonreve.ch\/index.php?rest_route=%2Fwp%2Fv2%2Ftags&post=2787"}],"curies":[{"name":"wp","href":"https:\/\/api.w.org\/{rel}","templated":true}]}}