{"id":2778,"date":"2018-10-11T06:26:56","date_gmt":"2018-10-11T06:26:56","guid":{"rendered":"http:\/\/vivresonreve.ch\/?p=2778"},"modified":"2018-10-11T06:32:27","modified_gmt":"2018-10-11T06:32:27","slug":"debut-de-saison-pour-malika","status":"publish","type":"post","link":"https:\/\/vivresonreve.ch\/?p=2778","title":{"rendered":"D\u00e9but de saison pour Malika"},"content":{"rendered":"<p>Ce samedi 29 septembre \u00e0 sonn\u00e9 l&rsquo;heure de la reprise de la saison pour Malika Gobet.<\/p>\n<p>A la piscine du Cossy \u00e0 Nyon, une comp\u00e9tition de bon niveau s&rsquo;est d\u00e9roul\u00e9e avec 450 nageurs et avec la pr\u00e9sence participation de Jeremy Desplanches (CH) Champion d&rsquo;europe et Maria Ugolkova (CH) 3\u00e8me Europ\u00e9enne .<\/p>\n<p>Les 2 meilleurs nageurs Suisses se sont oppos\u00e9s aux athl\u00e8tes du jour.<\/p>\n<p>Malika a remport\u00e9 la m\u00e9daille d&rsquo;or du combin\u00e9 des 4 nages chez les 14 ans ou elle a am\u00e9lior\u00e9 ses meilleures performances au 50m papillon et au 50m dos.<\/p>\n<p>Mais c&rsquo;est au 100m dos ou elle a brill\u00e9 en battant sa mpp de presque 2 s.<\/p>\n<p>Elle a nag\u00e9 son 100m dos en 1.03.80 et termine 2\u00e8me derri\u00e8re Maria Ugolkova qui a eu la gentillesse de soulign\u00e9 ce super temps au micro de Nyon R\u00e9gion TV<\/p>\n<p>Bravo Malika Super d\u00e9but de saison 2018-2019 !<\/p>\n<p>Pascal Gobet TeamMalikaGobet<\/p>\n<p>&nbsp;<\/p>\n<p><iframe loading=\"lazy\" width=\"1080\" height=\"608\" src=\"https:\/\/www.youtube.com\/embed\/aXYdIxETKQ4?start=71&#038;feature=oembed\" frameborder=\"0\" allow=\"autoplay; encrypted-media\" allowfullscreen><\/iframe><\/p>\n","protected":false},"excerpt":{"rendered":"<p>Ce samedi 29 septembre \u00e0 sonn\u00e9 l&rsquo;heure de la reprise de la saison pour Malika Gobet. A la piscine du Cossy \u00e0 Nyon, une comp\u00e9tition de bon niveau s&rsquo;est d\u00e9roul\u00e9e avec 450 nageurs et avec la pr\u00e9sence participation de Jeremy Desplanches (CH) Champion d&rsquo;europe et Maria Ugolkova (CH) 3\u00e8me Europ\u00e9enne . Les 2 meilleurs nageurs [&hellip;]<\/p>\n","protected":false},"author":2,"featured_media":0,"comment_status":"closed","ping_status":"closed","sticky":true,"template":"","format":"standard","meta":{"_et_pb_use_builder":"","_et_pb_old_content":"","_et_gb_content_width":"","footnotes":""},"categories":[23],"tags":[],"class_list":["post-2778","post","type-post","status-publish","format-standard","hentry","category-malika"],"_links":{"self":[{"href":"https:\/\/vivresonreve.ch\/index.php?rest_route=\/wp\/v2\/posts\/2778","targetHints":{"allow":["GET"]}}],"collection":[{"href":"https:\/\/vivresonreve.ch\/index.php?rest_route=\/wp\/v2\/posts"}],"about":[{"href":"https:\/\/vivresonreve.ch\/index.php?rest_route=\/wp\/v2\/types\/post"}],"author":[{"embeddable":true,"href":"https:\/\/vivresonreve.ch\/index.php?rest_route=\/wp\/v2\/users\/2"}],"replies":[{"embeddable":true,"href":"https:\/\/vivresonreve.ch\/index.php?rest_route=%2Fwp%2Fv2%2Fcomments&post=2778"}],"version-history":[{"count":3,"href":"https:\/\/vivresonreve.ch\/index.php?rest_route=\/wp\/v2\/posts\/2778\/revisions"}],"predecessor-version":[{"id":2781,"href":"https:\/\/vivresonreve.ch\/index.php?rest_route=\/wp\/v2\/posts\/2778\/revisions\/2781"}],"wp:attachment":[{"href":"https:\/\/vivresonreve.ch\/index.php?rest_route=%2Fwp%2Fv2%2Fmedia&parent=2778"}],"wp:term":[{"taxonomy":"category","embeddable":true,"href":"https:\/\/vivresonreve.ch\/index.php?rest_route=%2Fwp%2Fv2%2Fcategories&post=2778"},{"taxonomy":"post_tag","embeddable":true,"href":"https:\/\/vivresonreve.ch\/index.php?rest_route=%2Fwp%2Fv2%2Ftags&post=2778"}],"curies":[{"name":"wp","href":"https:\/\/api.w.org\/{rel}","templated":true}]}}