{"id":2766,"date":"2018-09-11T07:19:47","date_gmt":"2018-09-11T07:19:47","guid":{"rendered":"http:\/\/vivresonreve.ch\/?p=2766"},"modified":"2018-09-11T07:21:07","modified_gmt":"2018-09-11T07:21:07","slug":"entrainement-canadien-pour-marie","status":"publish","type":"post","link":"https:\/\/vivresonreve.ch\/?p=2766","title":{"rendered":"Entra\u00eenement canadien pour Marie"},"content":{"rendered":"<p>En ce moment je suis au Canada pour 3 semaines afin de me pr\u00e9parer \u00e0 ma premi\u00e8re comp\u00e9tition suisse le 22 septembre. En effet, \u00e0 partir de cette date, la saison commence vraiment car je vais avoir quasiment tous les week-ends des comp\u00e9titions jusqu&rsquo;au mois de d\u00e9cembre, c&rsquo;est \u00e0 dire jusqu&rsquo;aux championnats suisses.<\/p>\n<p>Ici tout ce passe bien. Je subis encore un peu le d\u00e9calage horaire mais sinon je suis d\u00e9j\u00e0 en forme pour pouvoir me donner \u00e0 fond pendant ce stage d&rsquo;entra\u00eenement intensif.<\/p>\n<p>Je vous transmets mes meilleures salutations.<\/p>\n<p><em>Marie<\/em><\/p>\n","protected":false},"excerpt":{"rendered":"<p>En ce moment je suis au Canada pour 3 semaines afin de me pr\u00e9parer \u00e0 ma premi\u00e8re comp\u00e9tition suisse le 22 septembre. En effet, \u00e0 partir de cette date, la saison commence vraiment car je vais avoir quasiment tous les week-ends des comp\u00e9titions jusqu&rsquo;au mois de d\u00e9cembre, c&rsquo;est \u00e0 dire jusqu&rsquo;aux championnats suisses. Ici tout [&hellip;]<\/p>\n","protected":false},"author":2,"featured_media":0,"comment_status":"closed","ping_status":"closed","sticky":true,"template":"","format":"standard","meta":{"_et_pb_use_builder":"","_et_pb_old_content":"","_et_gb_content_width":"","footnotes":""},"categories":[29],"tags":[],"class_list":["post-2766","post","type-post","status-publish","format-standard","hentry","category-marie-kolly"],"_links":{"self":[{"href":"https:\/\/vivresonreve.ch\/index.php?rest_route=\/wp\/v2\/posts\/2766","targetHints":{"allow":["GET"]}}],"collection":[{"href":"https:\/\/vivresonreve.ch\/index.php?rest_route=\/wp\/v2\/posts"}],"about":[{"href":"https:\/\/vivresonreve.ch\/index.php?rest_route=\/wp\/v2\/types\/post"}],"author":[{"embeddable":true,"href":"https:\/\/vivresonreve.ch\/index.php?rest_route=\/wp\/v2\/users\/2"}],"replies":[{"embeddable":true,"href":"https:\/\/vivresonreve.ch\/index.php?rest_route=%2Fwp%2Fv2%2Fcomments&post=2766"}],"version-history":[{"count":2,"href":"https:\/\/vivresonreve.ch\/index.php?rest_route=\/wp\/v2\/posts\/2766\/revisions"}],"predecessor-version":[{"id":2768,"href":"https:\/\/vivresonreve.ch\/index.php?rest_route=\/wp\/v2\/posts\/2766\/revisions\/2768"}],"wp:attachment":[{"href":"https:\/\/vivresonreve.ch\/index.php?rest_route=%2Fwp%2Fv2%2Fmedia&parent=2766"}],"wp:term":[{"taxonomy":"category","embeddable":true,"href":"https:\/\/vivresonreve.ch\/index.php?rest_route=%2Fwp%2Fv2%2Fcategories&post=2766"},{"taxonomy":"post_tag","embeddable":true,"href":"https:\/\/vivresonreve.ch\/index.php?rest_route=%2Fwp%2Fv2%2Ftags&post=2766"}],"curies":[{"name":"wp","href":"https:\/\/api.w.org\/{rel}","templated":true}]}}