{"id":2708,"date":"2018-05-07T14:39:12","date_gmt":"2018-05-07T14:39:12","guid":{"rendered":"http:\/\/vivresonreve.ch\/?p=2708"},"modified":"2018-05-07T14:40:32","modified_gmt":"2018-05-07T14:40:32","slug":"madeline-a-la-diving-world-cup-2018","status":"publish","type":"post","link":"https:\/\/vivresonreve.ch\/?p=2708","title":{"rendered":"Madeline \u00e0 la Diving World Cup 2018"},"content":{"rendered":"<p>Tr\u00e8s chers sponsors,<\/p>\n<p>Je voulais partager avec vous la tr\u00e8s bonne nouvelle que j&rsquo;ai re\u00e7u la semaine pass\u00e9e, la F\u00e9d\u00e9ration Suisse de plongeon, Swiss Diving, a d\u00e9cid\u00e9 de me qualifier pour la \u00a0\u00ab\u00a0<strong>Diving World Cup 2018<\/strong> &#8211; <strong>Wuhan en Chine<\/strong>\u00a0\u00bb du 5 au 10 juin 2018, mes premiers championnats du Monde en \u00e9lite.<\/p>\n<p>En effet, lors d&rsquo;une comp\u00e9tition \u00e0 Kiev\/UKR en avril 2018 j&rsquo;ai r\u00e9alis\u00e9 les points de qualifications. Malheureusement ma partenaire synchro, Jessica Favre ne peut se rendre en Chine, car elle a ses examens de Bachelor en Droit. Le 1m n&rsquo;\u00e9tant pas une discipline au programme, je participerai au 3m individuel le vendredi 8 juin.<\/p>\n<p>Mon site internet vous permettra de suivre l&rsquo;\u00e9volution de mes rendez-vous de cette saisons 2018, les Championnats du Monde \u00e9lite et les <strong>European Championships Glasgow\/UK 2018<\/strong> \u00a0du 6 au 12 ao\u00fbt.<\/p>\n<p><a href=\"http:\/\/www.madelinecoquoz.ch\/\">www.madelinecoquoz.ch<\/a><\/p>\n<p>Actuellement je passe mes examens de Baccalaur\u00e9at, et je viens de terminer 3 jours intensifs de Math +, j&rsquo;ai beaucoup transpir\u00e9. Maintenant j&rsquo;ai une petite pause jusqu&rsquo;\u00e0 lundi 7 mai. Le tout dernier examens sera le 15 mai, et ensuite, je rassemble mes affaires et je rentre \u00e0 la maison apr\u00e8s un s\u00e9jour de 3 ans \u00e0 Plymouth\/UK. Je me r\u00e9jouis de rentrer et de pouvoir m&rsquo;entra\u00eener avec mes coll\u00e8gues suisses plongeurs pour mon futur.<\/p>\n<p>Ces tr\u00e8s bonnes nouvelles ont \u00e9t\u00e9 possibles gr\u00e2ce mes entra\u00eenements et ma volont\u00e9, mais aussi et surtout gr\u00e2ce \u00e0 votre soutien. Sans votre aide, \u00a0je ne pourrais pas participer \u00e0 toutes ses comp\u00e9titions internationales. Les plongeurs suisses ne sont malheureusement soutenu pour 3 comp\u00e9titions annuelles, \u00e0 hauteur de 30% sur le prix d&rsquo;une comp\u00e9tition par notre F\u00e9d\u00e9ration, qui dispose que de peu de moyens financiers.<\/p>\n<p>Alors un tout grand MERCI de m&rsquo;avoir fait confiance et soutenu depuis plusieurs ann\u00e9es d\u00e9j\u00e0.<\/p>\n<p>En attendant de vous donner des nouvelles de ma saison 2018 \u00e0 la fin de l&rsquo;\u00e9t\u00e9, je vous envoie mes meilleures salutations sportives.<\/p>\n<p><em>Madeline Coquoz<\/em><\/p>\n","protected":false},"excerpt":{"rendered":"<p>Tr\u00e8s chers sponsors, Je voulais partager avec vous la tr\u00e8s bonne nouvelle que j&rsquo;ai re\u00e7u la semaine pass\u00e9e, la F\u00e9d\u00e9ration Suisse de plongeon, Swiss Diving, a d\u00e9cid\u00e9 de me qualifier pour la \u00a0\u00ab\u00a0Diving World Cup 2018 &#8211; Wuhan en Chine\u00a0\u00bb du 5 au 10 juin 2018, mes premiers championnats du Monde en \u00e9lite. En effet, [&hellip;]<\/p>\n","protected":false},"author":2,"featured_media":0,"comment_status":"closed","ping_status":"closed","sticky":true,"template":"","format":"standard","meta":{"_et_pb_use_builder":"","_et_pb_old_content":"","_et_gb_content_width":"","footnotes":""},"categories":[18],"tags":[],"class_list":["post-2708","post","type-post","status-publish","format-standard","hentry","category-madeline"],"_links":{"self":[{"href":"https:\/\/vivresonreve.ch\/index.php?rest_route=\/wp\/v2\/posts\/2708","targetHints":{"allow":["GET"]}}],"collection":[{"href":"https:\/\/vivresonreve.ch\/index.php?rest_route=\/wp\/v2\/posts"}],"about":[{"href":"https:\/\/vivresonreve.ch\/index.php?rest_route=\/wp\/v2\/types\/post"}],"author":[{"embeddable":true,"href":"https:\/\/vivresonreve.ch\/index.php?rest_route=\/wp\/v2\/users\/2"}],"replies":[{"embeddable":true,"href":"https:\/\/vivresonreve.ch\/index.php?rest_route=%2Fwp%2Fv2%2Fcomments&post=2708"}],"version-history":[{"count":1,"href":"https:\/\/vivresonreve.ch\/index.php?rest_route=\/wp\/v2\/posts\/2708\/revisions"}],"predecessor-version":[{"id":2709,"href":"https:\/\/vivresonreve.ch\/index.php?rest_route=\/wp\/v2\/posts\/2708\/revisions\/2709"}],"wp:attachment":[{"href":"https:\/\/vivresonreve.ch\/index.php?rest_route=%2Fwp%2Fv2%2Fmedia&parent=2708"}],"wp:term":[{"taxonomy":"category","embeddable":true,"href":"https:\/\/vivresonreve.ch\/index.php?rest_route=%2Fwp%2Fv2%2Fcategories&post=2708"},{"taxonomy":"post_tag","embeddable":true,"href":"https:\/\/vivresonreve.ch\/index.php?rest_route=%2Fwp%2Fv2%2Ftags&post=2708"}],"curies":[{"name":"wp","href":"https:\/\/api.w.org\/{rel}","templated":true}]}}