{"id":2452,"date":"2018-03-16T09:06:55","date_gmt":"2018-03-16T09:06:55","guid":{"rendered":"http:\/\/vivresonreve.ch\/?p=2452"},"modified":"2018-03-16T09:07:26","modified_gmt":"2018-03-16T09:07:26","slug":"premiers-pas-internationales-pour-malika","status":"publish","type":"post","link":"https:\/\/vivresonreve.ch\/?p=2452","title":{"rendered":"Premiers pas internationales pour Malika"},"content":{"rendered":"<p>Chers amis qui nous soutiennent nous sommes super content et tr\u00e8s fier de vous annoncer que Malika Gobet (la valdo-fribourgeoise de Crans-pr\u00e8s-C\u00e9ligny) \u00e0 gagn\u00e9 le droit d&rsquo;aller d\u00e9fendre les couleurs de la Suisse aux multinations \u00e0 Chypre.<\/p>\n<p>Cette comp\u00e9tition se d\u00e9roulera le 24 et 25 Mars 2018.<\/p>\n<p>La s\u00e9lection des athl\u00e8tes s&rsquo;est effectu\u00e9e en prenant les meilleures chronos suisse de chaque discipline en grand bassin (dans les cat\u00e9gorie 2003-2004) sur le premier trimestre de l&rsquo;ann\u00e9e 2018.<\/p>\n<p>La bagarre \u00e9tait tr\u00e8s serr\u00e9e et jusqu&rsquo; au 5 mars on ne connaissait pas encore le verdict.<\/p>\n<p>Il est bon de savoir que jusqu&rsquo;au dernier moment, il y avait des comp\u00e9titons encore dans beaucoup de pays, et certains clubs sont all\u00e9s loins ces derni\u00e8res semaine pour tenter de d\u00e9crocher une qualification (Belgique,France,Slovaquie&#8230;).<\/p>\n<p>Nous c&rsquo;est \u00e0 Chalon-sur-Sa\u00f4ne en France il y a 3 semaine que Malika nous a d\u00e9croch\u00e9 cette superbe qualification !!!!!<\/p>\n<p>L&rsquo;\u00e9quipe nationale sera compos\u00e9e de 10 filles et 6 gar\u00e7ons<\/p>\n<p>Malika (CNNyon) et Chlo\u00e9 Dormond (Montreux) + 1 gar\u00e7on sont les seules athl\u00e8tes (fille et gar\u00e7on) qui repr\u00e9sentent la Romandie.<\/p>\n<p>Ce week-end le 10 et 11 mars \u00e0 Sion s&rsquo;est d\u00e9roul\u00e9 les championnats Romand 14-15 ans,<br \/>\nMalika \u00e0 gagn\u00e9 le titre de championne Romande au 100m Dos et au 50m Libre chez les 15 ans.<\/p>\n<p>Grand bravo et pr\u00e9paration id\u00e9ale avant les multinations&#8230;..<\/p>\n<p><em>\u00a0Pascal et Rebecca Gobet\u00a0 et le TeamMalikaGobet<\/em><\/p>\n","protected":false},"excerpt":{"rendered":"<p>Chers amis qui nous soutiennent nous sommes super content et tr\u00e8s fier de vous annoncer que Malika Gobet (la valdo-fribourgeoise de Crans-pr\u00e8s-C\u00e9ligny) \u00e0 gagn\u00e9 le droit d&rsquo;aller d\u00e9fendre les couleurs de la Suisse aux multinations \u00e0 Chypre. Cette comp\u00e9tition se d\u00e9roulera le 24 et 25 Mars 2018. La s\u00e9lection des athl\u00e8tes s&rsquo;est effectu\u00e9e en prenant [&hellip;]<\/p>\n","protected":false},"author":2,"featured_media":0,"comment_status":"closed","ping_status":"closed","sticky":true,"template":"","format":"standard","meta":{"_et_pb_use_builder":"","_et_pb_old_content":"","_et_gb_content_width":"","footnotes":""},"categories":[23],"tags":[],"class_list":["post-2452","post","type-post","status-publish","format-standard","hentry","category-malika"],"_links":{"self":[{"href":"https:\/\/vivresonreve.ch\/index.php?rest_route=\/wp\/v2\/posts\/2452","targetHints":{"allow":["GET"]}}],"collection":[{"href":"https:\/\/vivresonreve.ch\/index.php?rest_route=\/wp\/v2\/posts"}],"about":[{"href":"https:\/\/vivresonreve.ch\/index.php?rest_route=\/wp\/v2\/types\/post"}],"author":[{"embeddable":true,"href":"https:\/\/vivresonreve.ch\/index.php?rest_route=\/wp\/v2\/users\/2"}],"replies":[{"embeddable":true,"href":"https:\/\/vivresonreve.ch\/index.php?rest_route=%2Fwp%2Fv2%2Fcomments&post=2452"}],"version-history":[{"count":1,"href":"https:\/\/vivresonreve.ch\/index.php?rest_route=\/wp\/v2\/posts\/2452\/revisions"}],"predecessor-version":[{"id":2453,"href":"https:\/\/vivresonreve.ch\/index.php?rest_route=\/wp\/v2\/posts\/2452\/revisions\/2453"}],"wp:attachment":[{"href":"https:\/\/vivresonreve.ch\/index.php?rest_route=%2Fwp%2Fv2%2Fmedia&parent=2452"}],"wp:term":[{"taxonomy":"category","embeddable":true,"href":"https:\/\/vivresonreve.ch\/index.php?rest_route=%2Fwp%2Fv2%2Fcategories&post=2452"},{"taxonomy":"post_tag","embeddable":true,"href":"https:\/\/vivresonreve.ch\/index.php?rest_route=%2Fwp%2Fv2%2Ftags&post=2452"}],"curies":[{"name":"wp","href":"https:\/\/api.w.org\/{rel}","templated":true}]}}