{"id":2396,"date":"2017-12-04T08:24:52","date_gmt":"2017-12-04T08:24:52","guid":{"rendered":"http:\/\/vivresonreve.ch\/?p=2396"},"modified":"2017-12-04T08:25:14","modified_gmt":"2017-12-04T08:25:14","slug":"exploit-de-malika-gobet-au-championnat-suisse-uster-zh","status":"publish","type":"post","link":"https:\/\/vivresonreve.ch\/?p=2396","title":{"rendered":"Exploit de Malika Gobet au Championnat Suisse Uster ZH"},"content":{"rendered":"<p><img loading=\"lazy\" decoding=\"async\" class=\"alignnone size-full wp-image-2397\" src=\"https:\/\/vivresonreve.ch\/wp-content\/uploads\/2017\/12\/MalikaDosDepart.jpg\" alt=\"\" width=\"1085\" height=\"724\" srcset=\"https:\/\/vivresonreve.ch\/wp-content\/uploads\/2017\/12\/MalikaDosDepart.jpg 1085w, https:\/\/vivresonreve.ch\/wp-content\/uploads\/2017\/12\/MalikaDosDepart-600x400.jpg 600w, https:\/\/vivresonreve.ch\/wp-content\/uploads\/2017\/12\/MalikaDosDepart-300x200.jpg 300w, https:\/\/vivresonreve.ch\/wp-content\/uploads\/2017\/12\/MalikaDosDepart-768x512.jpg 768w, https:\/\/vivresonreve.ch\/wp-content\/uploads\/2017\/12\/MalikaDosDepart-1024x683.jpg 1024w, https:\/\/vivresonreve.ch\/wp-content\/uploads\/2017\/12\/MalikaDosDepart-1080x721.jpg 1080w\" sizes=\"auto, (max-width: 1085px) 100vw, 1085px\" \/><\/p>\n<p>Tous d&rsquo;abord il est important de pr\u00e9ciser que c&rsquo;\u00e9tait un Championnat Suisse en petit bassin Open (cela veut dire toutes cat\u00e9gories confondues principalement des adultes pros).\u00a0C&rsquo;est gr\u00e2ce aux brillants chronos de Malika durant sa saison qu&rsquo;elle a pu participer \u00e0 ce championnat.<\/p>\n<p>Le top de la natation Suisse \u00e9tait pr\u00e9sent, y compris ceux qui sont all\u00e9s au JO \u00e0 Rio 2016<br \/>\nMalika a nag\u00e9 le 50m et 100m libre et le 50m et 100m dos ses deux sp\u00e9cialit\u00e9s.\u00a0On peut signaler que Malika a am\u00e9lior\u00e9 toutes ses mpp (meilleures performances personnelles).\u00a0C&rsquo;est vendredi matin dans sa discipline de pr\u00e9dilection que Malika nous a cr\u00e9\u00e9 un superbe exploit&#8230;.Elle nous a nag\u00e9 aux qualifications du matin son 50m dos en petit bassin en 29.92s !!\u00a0Cela correspond \u00e0 un nouveau Record Suisse chez les J13 (elle d\u00e9tenait d\u00e9j\u00e0 le pr\u00e9c\u00e9dent \u00e0 30.41s)\u00a0Avec ce temps Royale elle s&rsquo;inscrit dans la <b>3\u00e8me perf europ\u00e9enne de l&rsquo;ann\u00e9e chez les 2004 <\/b>et se positionne dans le classement Europ\u00e9en comme <b>1\u00e8re Suissesse dans le 50m dos petit bassin chez les 17 ans et moins<\/b>.\u00a0Comme cerise sur le g\u00e2teau elle est la premi\u00e8re de son club le CNN, \u00e0 descendre au dessous de la barre des 30s (toute cat\u00e9gorie confondue), ce qui constitue un nouveau Record du club!\u00a0Avec cette superbe nage elle s&rsquo;est qualifi\u00e9e pour la finale B ou elle \u00e0 nag\u00e9e en 29.96 et s&rsquo;est class\u00e9e 6 \u00e8me sur 8.\u00a0Au final elle est positionn\u00e9e 14 \u00e8me sur 70 du top Suisse du haut de ses 13 ans !!!!!\u00a0Superbe prestation d&rsquo;un grand espoir de la natation Suisse du 50m dos<\/p>\n<p>Pascal Gobet dit Paco Team Malika<\/p>\n","protected":false},"excerpt":{"rendered":"<p>Tous d&rsquo;abord il est important de pr\u00e9ciser que c&rsquo;\u00e9tait un Championnat Suisse en petit bassin Open (cela veut dire toutes cat\u00e9gories confondues principalement des adultes pros).\u00a0C&rsquo;est gr\u00e2ce aux brillants chronos de Malika durant sa saison qu&rsquo;elle a pu participer \u00e0 ce championnat. Le top de la natation Suisse \u00e9tait pr\u00e9sent, y compris ceux qui sont [&hellip;]<\/p>\n","protected":false},"author":2,"featured_media":0,"comment_status":"closed","ping_status":"closed","sticky":true,"template":"","format":"standard","meta":{"_et_pb_use_builder":"","_et_pb_old_content":"","_et_gb_content_width":"","footnotes":""},"categories":[23],"tags":[],"class_list":["post-2396","post","type-post","status-publish","format-standard","hentry","category-malika"],"_links":{"self":[{"href":"https:\/\/vivresonreve.ch\/index.php?rest_route=\/wp\/v2\/posts\/2396","targetHints":{"allow":["GET"]}}],"collection":[{"href":"https:\/\/vivresonreve.ch\/index.php?rest_route=\/wp\/v2\/posts"}],"about":[{"href":"https:\/\/vivresonreve.ch\/index.php?rest_route=\/wp\/v2\/types\/post"}],"author":[{"embeddable":true,"href":"https:\/\/vivresonreve.ch\/index.php?rest_route=\/wp\/v2\/users\/2"}],"replies":[{"embeddable":true,"href":"https:\/\/vivresonreve.ch\/index.php?rest_route=%2Fwp%2Fv2%2Fcomments&post=2396"}],"version-history":[{"count":1,"href":"https:\/\/vivresonreve.ch\/index.php?rest_route=\/wp\/v2\/posts\/2396\/revisions"}],"predecessor-version":[{"id":2398,"href":"https:\/\/vivresonreve.ch\/index.php?rest_route=\/wp\/v2\/posts\/2396\/revisions\/2398"}],"wp:attachment":[{"href":"https:\/\/vivresonreve.ch\/index.php?rest_route=%2Fwp%2Fv2%2Fmedia&parent=2396"}],"wp:term":[{"taxonomy":"category","embeddable":true,"href":"https:\/\/vivresonreve.ch\/index.php?rest_route=%2Fwp%2Fv2%2Fcategories&post=2396"},{"taxonomy":"post_tag","embeddable":true,"href":"https:\/\/vivresonreve.ch\/index.php?rest_route=%2Fwp%2Fv2%2Ftags&post=2396"}],"curies":[{"name":"wp","href":"https:\/\/api.w.org\/{rel}","templated":true}]}}