{"id":2369,"date":"2017-10-03T15:38:58","date_gmt":"2017-10-03T15:38:58","guid":{"rendered":"http:\/\/vivresonreve.ch\/?p=2369"},"modified":"2017-10-03T15:39:19","modified_gmt":"2017-10-03T15:39:19","slug":"4-medailles-dor-pour-malika","status":"publish","type":"post","link":"https:\/\/vivresonreve.ch\/?p=2369","title":{"rendered":"4 m\u00e9dailles d&rsquo;or pour Malika"},"content":{"rendered":"<p>Malika\u00e0 disput\u00e9 ce wek-end le meeting Michel Bally \u00e0 Nyon (petit bassin).<\/p>\n<p>Malika \u00e0 nag\u00e9 dimanche le 50m pap\/ 50m Dos \/ 100m Dos \/50m libre<\/p>\n<p>Elle nous a fait de superbe perf, dans sa cat\u00e9gorie J13 elle \u00e0 gagn\u00e9 les 4 m\u00e9dailles d&rsquo;or et du coup remporte \u00e9galement la m\u00e9daille du combin\u00e9.<\/p>\n<p>A savoir que avec ses tr\u00e8s bons chronos, elle a aussi battu au pap et au libre les cat\u00e9gories 17 ans et plus&#8230;.et au Dos chez les 17 ans et plus elle est 2\u00e8me derri\u00e8re la Championne Suisse 200m Dos Adulte<\/p>\n<p>Super d\u00e9but de saison pour notre championne&#8230;.<\/p>\n<p>Pascal Gobet dit \u00ab\u00a0Paco\u00a0\u00bb Team Malika<\/p>\n","protected":false},"excerpt":{"rendered":"<p>Malika\u00e0 disput\u00e9 ce wek-end le meeting Michel Bally \u00e0 Nyon (petit bassin). Malika \u00e0 nag\u00e9 dimanche le 50m pap\/ 50m Dos \/ 100m Dos \/50m libre Elle nous a fait de superbe perf, dans sa cat\u00e9gorie J13 elle \u00e0 gagn\u00e9 les 4 m\u00e9dailles d&rsquo;or et du coup remporte \u00e9galement la m\u00e9daille du combin\u00e9. A savoir [&hellip;]<\/p>\n","protected":false},"author":2,"featured_media":0,"comment_status":"closed","ping_status":"closed","sticky":true,"template":"","format":"standard","meta":{"_et_pb_use_builder":"","_et_pb_old_content":"","_et_gb_content_width":"","footnotes":""},"categories":[23],"tags":[],"class_list":["post-2369","post","type-post","status-publish","format-standard","hentry","category-malika"],"_links":{"self":[{"href":"https:\/\/vivresonreve.ch\/index.php?rest_route=\/wp\/v2\/posts\/2369","targetHints":{"allow":["GET"]}}],"collection":[{"href":"https:\/\/vivresonreve.ch\/index.php?rest_route=\/wp\/v2\/posts"}],"about":[{"href":"https:\/\/vivresonreve.ch\/index.php?rest_route=\/wp\/v2\/types\/post"}],"author":[{"embeddable":true,"href":"https:\/\/vivresonreve.ch\/index.php?rest_route=\/wp\/v2\/users\/2"}],"replies":[{"embeddable":true,"href":"https:\/\/vivresonreve.ch\/index.php?rest_route=%2Fwp%2Fv2%2Fcomments&post=2369"}],"version-history":[{"count":1,"href":"https:\/\/vivresonreve.ch\/index.php?rest_route=\/wp\/v2\/posts\/2369\/revisions"}],"predecessor-version":[{"id":2370,"href":"https:\/\/vivresonreve.ch\/index.php?rest_route=\/wp\/v2\/posts\/2369\/revisions\/2370"}],"wp:attachment":[{"href":"https:\/\/vivresonreve.ch\/index.php?rest_route=%2Fwp%2Fv2%2Fmedia&parent=2369"}],"wp:term":[{"taxonomy":"category","embeddable":true,"href":"https:\/\/vivresonreve.ch\/index.php?rest_route=%2Fwp%2Fv2%2Fcategories&post=2369"},{"taxonomy":"post_tag","embeddable":true,"href":"https:\/\/vivresonreve.ch\/index.php?rest_route=%2Fwp%2Fv2%2Ftags&post=2369"}],"curies":[{"name":"wp","href":"https:\/\/api.w.org\/{rel}","templated":true}]}}