{"id":2367,"date":"2017-10-03T15:36:21","date_gmt":"2017-10-03T15:36:21","guid":{"rendered":"http:\/\/vivresonreve.ch\/?p=2367"},"modified":"2017-10-03T15:39:19","modified_gmt":"2017-10-03T15:39:19","slug":"courses-de-septembre-pour-leo","status":"publish","type":"post","link":"https:\/\/vivresonreve.ch\/?p=2367","title":{"rendered":"Courses de septembre pour L\u00e9o"},"content":{"rendered":"<p>Mon mois de\u00a0septembre\u00a0a \u00e9t\u00e9\u00a0constitu\u00e9\u00a0de plusieurs belles courses o\u00f9 j\u2019ai pu\u00a0r\u00e9aliser\u00a0quelques excellents r\u00e9sultats !<\/p>\n<p>Swiss Epic\u00a0(6 jours de courses, 350km, 12\u2019000m de d\u00e9nivel\u00e9 positive en patrouille de 2):<\/p>\n<p>J\u2019ai d\u00e9cid\u00e9 de participer \u00e0 cette course diff\u00e9rente pour conclure ma saison 2017. J\u2019ai pris le d\u00e9part en compagnie de mon co\u00e9quipier du Team VTT BMC Fribourg Arnaud Hertling avec l\u2019objectif de terminer dans les 10 premi\u00e8res \u00e9quipes. Nous avons r\u00e9ussis \u00e0 tr\u00e8s bien g\u00e9rer ces courses inhabituelles pour nous avec des \u00e9tapes de pr\u00e8s de 5h. Gr\u00e2ce \u00e0 notre bonne gestion nous prenons une super 6<span style=\"font-size: 11.999999046325684px;\">e<\/span>\u00a0place au classement g\u00e9n\u00e9ral de cette course extr\u00eamement r\u00e9put\u00e9e et relev\u00e9e. Cela nous apporte \u00e9galement \u00e0 chacun beaucoup de points au classement UCI (45).<\/p>\n<p>Gr\u00e2ce notamment \u00e0 cette performance, je suis remont\u00e9 au 273 rang du classement mondial \u00e9lite, cela me permettra d\u2019avoir un bon num\u00e9ro de dossard l\u2019ann\u00e9e prochaine pour les coupes du monde U23. C\u2019\u00e9tait \u00e9galement un objectif pour moi d\u2019atteindre le \u2018\u2019top 300\u2019\u2019 de ce classement en 2017.<\/p>\n<p>J\u2019ai termin\u00e9 ma saison sur la finale de la coupe suisse U23 \u00e0 Lugano, malgr\u00e9 un mauvais d\u00e9part je termine \u00e0 une super 7<span style=\"font-size: 11.999999046325684px;\">e\u00a0<\/span>place sur un parcours qui m\u2019avantageait peut. J\u2019ai pu r\u00e9aliser une super remont\u00e9e \u00e0 mi-course et terminer tr\u00e8s proche du top 5.<\/p>\n<p>A bient\u00f4t<\/p>\n<p>L\u00e9o<\/p>\n","protected":false},"excerpt":{"rendered":"<p>Mon mois de\u00a0septembre\u00a0a \u00e9t\u00e9\u00a0constitu\u00e9\u00a0de plusieurs belles courses o\u00f9 j\u2019ai pu\u00a0r\u00e9aliser\u00a0quelques excellents r\u00e9sultats ! Swiss Epic\u00a0(6 jours de courses, 350km, 12\u2019000m de d\u00e9nivel\u00e9 positive en patrouille de 2): J\u2019ai d\u00e9cid\u00e9 de participer \u00e0 cette course diff\u00e9rente pour conclure ma saison 2017. J\u2019ai pris le d\u00e9part en compagnie de mon co\u00e9quipier du Team VTT BMC Fribourg Arnaud [&hellip;]<\/p>\n","protected":false},"author":2,"featured_media":0,"comment_status":"closed","ping_status":"closed","sticky":true,"template":"","format":"standard","meta":{"_et_pb_use_builder":"","_et_pb_old_content":"","_et_gb_content_width":"","footnotes":""},"categories":[11],"tags":[],"class_list":["post-2367","post","type-post","status-publish","format-standard","hentry","category-association"],"_links":{"self":[{"href":"https:\/\/vivresonreve.ch\/index.php?rest_route=\/wp\/v2\/posts\/2367","targetHints":{"allow":["GET"]}}],"collection":[{"href":"https:\/\/vivresonreve.ch\/index.php?rest_route=\/wp\/v2\/posts"}],"about":[{"href":"https:\/\/vivresonreve.ch\/index.php?rest_route=\/wp\/v2\/types\/post"}],"author":[{"embeddable":true,"href":"https:\/\/vivresonreve.ch\/index.php?rest_route=\/wp\/v2\/users\/2"}],"replies":[{"embeddable":true,"href":"https:\/\/vivresonreve.ch\/index.php?rest_route=%2Fwp%2Fv2%2Fcomments&post=2367"}],"version-history":[{"count":1,"href":"https:\/\/vivresonreve.ch\/index.php?rest_route=\/wp\/v2\/posts\/2367\/revisions"}],"predecessor-version":[{"id":2368,"href":"https:\/\/vivresonreve.ch\/index.php?rest_route=\/wp\/v2\/posts\/2367\/revisions\/2368"}],"wp:attachment":[{"href":"https:\/\/vivresonreve.ch\/index.php?rest_route=%2Fwp%2Fv2%2Fmedia&parent=2367"}],"wp:term":[{"taxonomy":"category","embeddable":true,"href":"https:\/\/vivresonreve.ch\/index.php?rest_route=%2Fwp%2Fv2%2Fcategories&post=2367"},{"taxonomy":"post_tag","embeddable":true,"href":"https:\/\/vivresonreve.ch\/index.php?rest_route=%2Fwp%2Fv2%2Ftags&post=2367"}],"curies":[{"name":"wp","href":"https:\/\/api.w.org\/{rel}","templated":true}]}}