{"id":2361,"date":"2017-09-04T14:20:01","date_gmt":"2017-09-04T14:20:01","guid":{"rendered":"http:\/\/vivresonreve.ch\/?p=2361"},"modified":"2017-09-04T14:20:28","modified_gmt":"2017-09-04T14:20:28","slug":"le-mois-daout-de-leo","status":"publish","type":"post","link":"https:\/\/vivresonreve.ch\/?p=2361","title":{"rendered":"Le mois d&rsquo;ao\u00fbt de L\u00e9o"},"content":{"rendered":"<div style=\"color: #000000; font-family: Roboto-Light; font-size: 14px; margin-right: 32.25pt;\"><\/div>\n<div style=\"color: #000000; font-family: Roboto-Light; font-size: 14px; margin-right: 32.25pt;\">\n<p class=\"MsoNormal\" style=\"margin: 0cm 0cm 0.0001pt; font-size: 11pt; font-family: Calibri, sans-serif; vertical-align: middle;\"><span style=\"font-size: 12pt;\">Mon mois d\u2019ao\u00fbt a \u00e9t\u00e9\u00a0constitu\u00e9\u00a0de plusieurs courses importantes o\u00f9 j\u2019ai pu\u00a0r\u00e9aliser\u00a0quelques excellents r\u00e9sultats !<\/span><\/p>\n<\/div>\n<div style=\"color: #000000; font-family: Roboto-Light; font-size: 14px; margin-right: 32.25pt;\">\n<p class=\"MsoNormal\" style=\"margin: 0cm 0cm 0.0001pt; font-size: 11pt; font-family: Calibri, sans-serif; vertical-align: middle;\">\n<span style=\"font-size: 12pt;\">J\u2019ai pris part \u00e0 3 comp\u00e9titions en 4 semaines, d\u2019abord sur la coupe du monde au Mont-St-Anne au Canada, o\u00f9 je me suis rendu avec l\u2019\u00e9quipe nationale. Malgr\u00e9 une crevaison en d\u00e9but de course, je fais une performance au del\u00e0 de mes attentes et termine 20e. C\u2019est un super r\u00e9sultat pour moi et l\u2019assurance d\u2019\u00eatre \u00e0 nouveau dans les cadres\u00a0nationaux en 2018.<\/span><\/p>\n<\/div>\n<div style=\"color: #000000; font-family: Roboto-Light; font-size: 14px; margin-right: 32.25pt;\">\n<p class=\"MsoNormal\" style=\"margin: 0cm 0cm 0.0001pt; font-size: 11pt; font-family: Calibri, sans-serif; vertical-align: middle;\"><span style=\"font-size: 12pt;\">J\u2019ai ensuite particip\u00e9 \u00e0 la 6e manche de la Swiss Bike Cup \u00e0 B\u00e2le, course qui portait le label\u00a0\u2018\u2019Hors cat\u00e9gorie\u2019\u2019, le plus haut en dessous des coupes du monde, je passe toute la course \u00e0 me battre dans le groupe des meilleurs et termine 5e, mon meilleur r\u00e9sultat \u00e0 ce niveau.<\/span><\/p>\n<\/div>\n<div style=\"color: #000000; font-family: Roboto-Light; font-size: 14px; margin-right: 32.25pt;\">\n<p class=\"MsoNormal\" style=\"margin: 0cm 0cm 0.0001pt; font-size: 11pt; font-family: Calibri, sans-serif; vertical-align: middle;\"><span style=\"font-size: 12pt;\">J\u2019ai termin\u00e9 cette s\u00e9rie par la finale de la coupe du monde en Italie \u00e0 Val di Sole, apr\u00e8s un bon d\u00e9part, je me bats longtemps pour le top 25 mais craque un peu dans les derniers tours et finis 34e.<\/span><\/p>\n<\/div>\n<div style=\"color: #000000; font-family: Roboto-Light; font-size: 14px; margin-right: 32.25pt;\">\n<p class=\"MsoNormal\" style=\"margin: 0cm 0cm 0.0001pt; font-size: 11pt; font-family: Calibri, sans-serif; vertical-align: middle;\">\n<\/div>\n<div style=\"color: #000000; font-family: Roboto-Light; font-size: 14px; margin-right: 32.25pt;\">\n<p class=\"MsoNormal\" style=\"margin: 0cm 0cm 0.0001pt; font-size: 11pt; font-family: Calibri, sans-serif; vertical-align: middle;\"><span style=\"font-size: 12pt;\">Au final je\u00a0termine 49e au classement g\u00e9n\u00e9ral de la coupe du monde U23, cela est l\u00e9g\u00e8rement moins bon que ce que j\u2019esp\u00e9rais mais mes ennuis m\u00e9caniques du d\u00e9but de saison en sont la cause principale.<\/span><\/p>\n<\/div>\n<div style=\"color: #000000; font-family: Roboto-Light; font-size: 14px; margin-right: 32.25pt;\">\n<p class=\"MsoNormal\" style=\"margin: 0cm 0cm 0.0001pt; font-size: 11pt; font-family: Calibri, sans-serif; vertical-align: middle;\"><span style=\"font-size: 12pt;\">\u00a0<\/span><\/p>\n<\/div>\n<div style=\"color: #000000; font-family: Roboto-Light; font-size: 14px; margin-right: 32.25pt;\">\n<p class=\"MsoNormal\" style=\"margin: 0cm 0cm 0.0001pt; font-size: 11pt; font-family: Calibri, sans-serif; vertical-align: middle;\"><span style=\"font-size: 12pt;\">Maintenant, je vais me concentrer sur mes 2 derni\u00e8res courses de la saison, la finale de la Swiss Bike Cup \u00e0 Lugano et le Swiss Epic, \u00e9preuve mythique de 6 \u00e9tapes de VTT \u00e0 parcourir en\u00a0\u2018\u2019patrouille de 2\u2019\u2019\u00a0\u00e0 travers le Valais. Mon coll\u00e8gue de Team, Arnaud Hertling et moi esp\u00e9rons y figurer dans le top 10.<\/span><\/p>\n<\/div>\n<div style=\"color: #000000; font-family: Roboto-Light; font-size: 14px; margin-right: 32.25pt;\">\n<p class=\"MsoNormal\" style=\"margin: 0cm 0cm 0.0001pt; font-size: 11pt; font-family: Calibri, sans-serif; vertical-align: middle;\"><span style=\"font-size: 12pt;\">\u00a0<\/span><\/p>\n<\/div>\n<div style=\"color: #000000; font-family: Roboto-Light; font-size: 14px; margin-right: 32.25pt;\">\n<p class=\"MsoNormal\" style=\"margin: 0cm 0cm 0.0001pt; font-size: 11pt; font-family: Calibri, sans-serif; vertical-align: middle;\"><span style=\"font-size: 12pt;\">Je profite de cet e-mail pour vous remercier pour votre aide cette saison\u00a0!<\/span><\/p>\n<\/div>\n<div style=\"color: #000000; font-family: Roboto-Light; font-size: 14px; margin-right: 32.25pt;\">\n<p class=\"MsoNormal\" style=\"margin: 0cm 0cm 0.0001pt; font-size: 11pt; font-family: Calibri, sans-serif; vertical-align: middle;\"><span style=\"font-size: 12pt;\">A bient\u00f4t<\/span><\/p>\n<\/div>\n<div style=\"color: #000000; font-family: Roboto-Light; font-size: 14px; margin-right: 32.25pt;\">\n<p class=\"MsoNormal\" style=\"margin: 0cm 0cm 0.0001pt; font-size: 11pt; font-family: Calibri, sans-serif; vertical-align: middle;\"><span style=\"font-size: 12pt;\">L\u00e9o<\/span><\/p>\n<\/div>\n","protected":false},"excerpt":{"rendered":"<p>Mon mois d\u2019ao\u00fbt a \u00e9t\u00e9\u00a0constitu\u00e9\u00a0de plusieurs courses importantes o\u00f9 j\u2019ai pu\u00a0r\u00e9aliser\u00a0quelques excellents r\u00e9sultats ! J\u2019ai pris part \u00e0 3 comp\u00e9titions en 4 semaines, d\u2019abord sur la coupe du monde au Mont-St-Anne au Canada, o\u00f9 je me suis rendu avec l\u2019\u00e9quipe nationale. Malgr\u00e9 une crevaison en d\u00e9but de course, je fais une performance au del\u00e0 de [&hellip;]<\/p>\n","protected":false},"author":2,"featured_media":0,"comment_status":"closed","ping_status":"closed","sticky":true,"template":"","format":"standard","meta":{"_et_pb_use_builder":"","_et_pb_old_content":"","_et_gb_content_width":"","footnotes":""},"categories":[11],"tags":[],"class_list":["post-2361","post","type-post","status-publish","format-standard","hentry","category-association"],"_links":{"self":[{"href":"https:\/\/vivresonreve.ch\/index.php?rest_route=\/wp\/v2\/posts\/2361","targetHints":{"allow":["GET"]}}],"collection":[{"href":"https:\/\/vivresonreve.ch\/index.php?rest_route=\/wp\/v2\/posts"}],"about":[{"href":"https:\/\/vivresonreve.ch\/index.php?rest_route=\/wp\/v2\/types\/post"}],"author":[{"embeddable":true,"href":"https:\/\/vivresonreve.ch\/index.php?rest_route=\/wp\/v2\/users\/2"}],"replies":[{"embeddable":true,"href":"https:\/\/vivresonreve.ch\/index.php?rest_route=%2Fwp%2Fv2%2Fcomments&post=2361"}],"version-history":[{"count":1,"href":"https:\/\/vivresonreve.ch\/index.php?rest_route=\/wp\/v2\/posts\/2361\/revisions"}],"predecessor-version":[{"id":2362,"href":"https:\/\/vivresonreve.ch\/index.php?rest_route=\/wp\/v2\/posts\/2361\/revisions\/2362"}],"wp:attachment":[{"href":"https:\/\/vivresonreve.ch\/index.php?rest_route=%2Fwp%2Fv2%2Fmedia&parent=2361"}],"wp:term":[{"taxonomy":"category","embeddable":true,"href":"https:\/\/vivresonreve.ch\/index.php?rest_route=%2Fwp%2Fv2%2Fcategories&post=2361"},{"taxonomy":"post_tag","embeddable":true,"href":"https:\/\/vivresonreve.ch\/index.php?rest_route=%2Fwp%2Fv2%2Ftags&post=2361"}],"curies":[{"name":"wp","href":"https:\/\/api.w.org\/{rel}","templated":true}]}}