{"id":2332,"date":"2017-07-24T07:09:39","date_gmt":"2017-07-24T07:09:39","guid":{"rendered":"http:\/\/vivresonreve.ch\/?p=2332"},"modified":"2017-07-24T07:17:58","modified_gmt":"2017-07-24T07:17:58","slug":"romane-5eme-au-championnat-du-monde","status":"publish","type":"post","link":"https:\/\/vivresonreve.ch\/?p=2332","title":{"rendered":"Romane 5eme au championnat du monde"},"content":{"rendered":"<p>Ce week-end, du 30 juin au 2 juillet,\u00a0a eu lieu \u00e0 Bois-le-Duc, aux Pays-Bas, les championnats du monde de pole sport organis\u00e9 par l\u2019IPSF (International Pole Sports Federation) auxquels Romane a pris part pour la 3eme ann\u00e9e cons\u00e9cutive (14eme en 2015, 2eme en 2016).<\/p>\n<p>Romane \u00e9tait la seule repr\u00e9sentante helv\u00e9tique \u00e0 s\u2019\u00eatre qualifi\u00e9e pour ce grand rendez-vous qui a r\u00e9uni pas moins de 229 athl\u00e8tes. Les meilleures de la plan\u00e8te\u00a0!<\/p>\n<p>Vendredi, lors de la demi-finale, alliant force, souplesse et \u00e9l\u00e9gance, Romane s\u2019est brillamment qualifi\u00e9e pour la finale en prenant la 4eme place du concours, dans la cat\u00e9gorie Elite Novice (10-14 ans), en comptabilisant 44,6 points. Elle bat ainsi son record de Suisse (auparavant 42,8 points) qu\u2019elle d\u00e9tenait depuis les mondiaux de l\u2019an dernier, \u00e0 Londres.<\/p>\n<p>Samedi,\u00a0parfaitement concentr\u00e9e et plus d\u00e9termin\u00e9e que jamais, Romane a pr\u00e9sent\u00e9 \u00e0 nouveau son programme, sur un air de tango. Beaucoup plus pr\u00e9cise et fluide que la veille, Romane aura n\u00e9anmoins commis une infime\u00a0erreur sur une figure, quelques centim\u00e8tres seulement, ce qui lui co\u00fbtera non seulement un point en moins, mais \u00e9galement le bonus escompt\u00e9 qui lui aurait assur\u00e9 de renouveler une deuxi\u00e8me place mondiale. A ce niveau-l\u00e0 de la comp\u00e9tition, la moindre erreur ne pardonne pas. Dans un classement tr\u00e8s serr\u00e9, Romane prend ainsi la 5eme place de sa cat\u00e9gorie derri\u00e8re une athl\u00e8te polonaise. Le Mexique et le Chili se partageant le podium.<\/p>\n<p>Certes, une grosse d\u00e9ception pour Romane qui s&rsquo;est entra\u00een\u00e9e dur ces derniers mois. Petite consolation tout de m\u00eame d\u2019avoir battu les redoutables concurrentes Russes et Ukrainiennes qui n\u2019ont quant \u00e0 elles pas pu acc\u00e9der au top 5 de ces mondiaux.<\/p>\n<p>N\u00e9anmoins, par ses deux superbes prestations ce week-end, Romane n\u2019a pas \u00e0 avoir de regret car elle a \u00e0 nouveau prouv\u00e9 sa place parmi l\u2019\u00e9lite mondiale\u00a0! Dans une discipline tr\u00e8s exigeante et spectaculaire, et o\u00f9 le niveau cette ann\u00e9e chez les novices a augment\u00e9 de mani\u00e8re impressionnante.<\/p>\n<p><a href=\"https:\/\/vivresonreve.ch\/?page_id=2063\">Quelques photos officielles prises par le photographe Eli Mora<\/a><\/p>\n<p>Je vous souhaite un bel \u00e9t\u00e9!<\/p>\n<p>Cordialement,<\/p>\n<p>Cathy Moscaritolo<\/p>\n","protected":false},"excerpt":{"rendered":"<p>Ce week-end, du 30 juin au 2 juillet,\u00a0a eu lieu \u00e0 Bois-le-Duc, aux Pays-Bas, les championnats du monde de pole sport organis\u00e9 par l\u2019IPSF (International Pole Sports Federation) auxquels Romane a pris part pour la 3eme ann\u00e9e cons\u00e9cutive (14eme en 2015, 2eme en 2016). Romane \u00e9tait la seule repr\u00e9sentante helv\u00e9tique \u00e0 s\u2019\u00eatre qualifi\u00e9e pour ce [&hellip;]<\/p>\n","protected":false},"author":2,"featured_media":0,"comment_status":"closed","ping_status":"closed","sticky":true,"template":"","format":"standard","meta":{"_et_pb_use_builder":"","_et_pb_old_content":"","_et_gb_content_width":"","footnotes":""},"categories":[11],"tags":[],"class_list":["post-2332","post","type-post","status-publish","format-standard","hentry","category-association"],"_links":{"self":[{"href":"https:\/\/vivresonreve.ch\/index.php?rest_route=\/wp\/v2\/posts\/2332","targetHints":{"allow":["GET"]}}],"collection":[{"href":"https:\/\/vivresonreve.ch\/index.php?rest_route=\/wp\/v2\/posts"}],"about":[{"href":"https:\/\/vivresonreve.ch\/index.php?rest_route=\/wp\/v2\/types\/post"}],"author":[{"embeddable":true,"href":"https:\/\/vivresonreve.ch\/index.php?rest_route=\/wp\/v2\/users\/2"}],"replies":[{"embeddable":true,"href":"https:\/\/vivresonreve.ch\/index.php?rest_route=%2Fwp%2Fv2%2Fcomments&post=2332"}],"version-history":[{"count":2,"href":"https:\/\/vivresonreve.ch\/index.php?rest_route=\/wp\/v2\/posts\/2332\/revisions"}],"predecessor-version":[{"id":2343,"href":"https:\/\/vivresonreve.ch\/index.php?rest_route=\/wp\/v2\/posts\/2332\/revisions\/2343"}],"wp:attachment":[{"href":"https:\/\/vivresonreve.ch\/index.php?rest_route=%2Fwp%2Fv2%2Fmedia&parent=2332"}],"wp:term":[{"taxonomy":"category","embeddable":true,"href":"https:\/\/vivresonreve.ch\/index.php?rest_route=%2Fwp%2Fv2%2Fcategories&post=2332"},{"taxonomy":"post_tag","embeddable":true,"href":"https:\/\/vivresonreve.ch\/index.php?rest_route=%2Fwp%2Fv2%2Ftags&post=2332"}],"curies":[{"name":"wp","href":"https:\/\/api.w.org\/{rel}","templated":true}]}}