{"id":2330,"date":"2017-07-24T07:05:07","date_gmt":"2017-07-24T07:05:07","guid":{"rendered":"http:\/\/vivresonreve.ch\/?p=2330"},"modified":"2017-07-24T07:09:59","modified_gmt":"2017-07-24T07:09:59","slug":"leo-en-juillet","status":"publish","type":"post","link":"https:\/\/vivresonreve.ch\/?p=2330","title":{"rendered":"L\u00e9o en juillet"},"content":{"rendered":"<p>Le mois de juillet \u00e9tait important pour moi, j&rsquo;ai enchain\u00e9 en 3 semaines 2 coupes du monde et le championnat suisse.<\/p>\n<p>J\u2019ai d\u00e9but\u00e9 cette s\u00e9rie en Andorre pour la 3e manche de la coupe du monde, \u00e0 plus de 2000m d\u2019altitude, je r\u00e9alise une super performance mais une crevaison dans le 2e tour m\u2019emp\u00eache de concr\u00e9tiser. Je termine 58e. J\u2019ai encha\u00een\u00e9 avec la 4e coupe du monde, en Suisse \u00e0 Lenzerheide, apr\u00e8s avoir pass\u00e9 5 des 7 tours dans les 25 premiers, je m\u2019\u00e9croule et prends une tout de m\u00eame satisfaisante 39e place.<br \/>\nEnfin, j\u2019ai pris part au championnat suisse \u00e0 Montsevelier dans le Jura, mon objectif \u00e9tait de terminer dans le top 8 et je termine 8e, je peux donc \u00eatre satisfait de ce r\u00e9sultat.<\/p>\n<p>Maintenant, je vais m\u2019accorder 4 jours de pause avant de reprendre une grosse pr\u00e9paration pour les 2 derni\u00e8res coupes du monde au Canada au Mont-St-Anne (j\u2019ai \u00e9t\u00e9 qualifi\u00e9 pour m\u2019y rendre avec l\u2019\u00e9quipe nationale) et en Italie \u00e0 Val di Sole. J\u2019esp\u00e8re pouvoir y faire mieux que sur les premi\u00e8res manches.<\/p>\n<p>Je profite de cet e-mail pour vous remercier pour votre aide cette saison\u00a0!<\/p>\n<p>A bient\u00f4t<\/p>\n<p>L\u00e9o<\/p>\n","protected":false},"excerpt":{"rendered":"<p>Le mois de juillet \u00e9tait important pour moi, j&rsquo;ai enchain\u00e9 en 3 semaines 2 coupes du monde et le championnat suisse. J\u2019ai d\u00e9but\u00e9 cette s\u00e9rie en Andorre pour la 3e manche de la coupe du monde, \u00e0 plus de 2000m d\u2019altitude, je r\u00e9alise une super performance mais une crevaison dans le 2e tour m\u2019emp\u00eache de [&hellip;]<\/p>\n","protected":false},"author":2,"featured_media":0,"comment_status":"closed","ping_status":"closed","sticky":true,"template":"","format":"standard","meta":{"_et_pb_use_builder":"","_et_pb_old_content":"","_et_gb_content_width":"","footnotes":""},"categories":[11],"tags":[],"class_list":["post-2330","post","type-post","status-publish","format-standard","hentry","category-association"],"_links":{"self":[{"href":"https:\/\/vivresonreve.ch\/index.php?rest_route=\/wp\/v2\/posts\/2330","targetHints":{"allow":["GET"]}}],"collection":[{"href":"https:\/\/vivresonreve.ch\/index.php?rest_route=\/wp\/v2\/posts"}],"about":[{"href":"https:\/\/vivresonreve.ch\/index.php?rest_route=\/wp\/v2\/types\/post"}],"author":[{"embeddable":true,"href":"https:\/\/vivresonreve.ch\/index.php?rest_route=\/wp\/v2\/users\/2"}],"replies":[{"embeddable":true,"href":"https:\/\/vivresonreve.ch\/index.php?rest_route=%2Fwp%2Fv2%2Fcomments&post=2330"}],"version-history":[{"count":1,"href":"https:\/\/vivresonreve.ch\/index.php?rest_route=\/wp\/v2\/posts\/2330\/revisions"}],"predecessor-version":[{"id":2331,"href":"https:\/\/vivresonreve.ch\/index.php?rest_route=\/wp\/v2\/posts\/2330\/revisions\/2331"}],"wp:attachment":[{"href":"https:\/\/vivresonreve.ch\/index.php?rest_route=%2Fwp%2Fv2%2Fmedia&parent=2330"}],"wp:term":[{"taxonomy":"category","embeddable":true,"href":"https:\/\/vivresonreve.ch\/index.php?rest_route=%2Fwp%2Fv2%2Fcategories&post=2330"},{"taxonomy":"post_tag","embeddable":true,"href":"https:\/\/vivresonreve.ch\/index.php?rest_route=%2Fwp%2Fv2%2Ftags&post=2330"}],"curies":[{"name":"wp","href":"https:\/\/api.w.org\/{rel}","templated":true}]}}