{"id":2322,"date":"2017-07-03T09:31:56","date_gmt":"2017-07-03T09:31:56","guid":{"rendered":"http:\/\/vivresonreve.ch\/?p=2322"},"modified":"2017-07-03T09:37:02","modified_gmt":"2017-07-03T09:37:02","slug":"leo-au-camp-dentrainement-equipe-nationale-elite-et-u23","status":"publish","type":"post","link":"https:\/\/vivresonreve.ch\/?p=2322","title":{"rendered":"L\u00e9o au Camp d\u2019entra\u00eenement \u00e9quipe nationale \u00e9lite et U23"},"content":{"rendered":"<p><img loading=\"lazy\" decoding=\"async\" class=\"alignnone size-full wp-image-2324\" src=\"https:\/\/vivresonreve.ch\/wp-content\/uploads\/2017\/07\/170625_33913_by_Sigel_SUI_Andermatt_XCO_ME_MU_LHommeL.jpeg\" alt=\"\" width=\"320\" height=\"214\" srcset=\"https:\/\/vivresonreve.ch\/wp-content\/uploads\/2017\/07\/170625_33913_by_Sigel_SUI_Andermatt_XCO_ME_MU_LHommeL.jpeg 320w, https:\/\/vivresonreve.ch\/wp-content\/uploads\/2017\/07\/170625_33913_by_Sigel_SUI_Andermatt_XCO_ME_MU_LHommeL-300x201.jpeg 300w\" sizes=\"auto, (max-width: 320px) 100vw, 320px\" \/> <img loading=\"lazy\" decoding=\"async\" class=\"alignnone size-full wp-image-2325\" src=\"https:\/\/vivresonreve.ch\/wp-content\/uploads\/2017\/07\/170625_33076_by_Sigel_SUI_Andermatt_XCO_ME_MU_LHommeL.jpeg\" alt=\"\" width=\"320\" height=\"214\" srcset=\"https:\/\/vivresonreve.ch\/wp-content\/uploads\/2017\/07\/170625_33076_by_Sigel_SUI_Andermatt_XCO_ME_MU_LHommeL.jpeg 320w, https:\/\/vivresonreve.ch\/wp-content\/uploads\/2017\/07\/170625_33076_by_Sigel_SUI_Andermatt_XCO_ME_MU_LHommeL-300x201.jpeg 300w\" sizes=\"auto, (max-width: 320px) 100vw, 320px\" \/> <img loading=\"lazy\" decoding=\"async\" class=\"alignnone size-full wp-image-2326\" src=\"https:\/\/vivresonreve.ch\/wp-content\/uploads\/2017\/07\/Equipe-nationale.jpeg\" alt=\"\" width=\"320\" height=\"214\" srcset=\"https:\/\/vivresonreve.ch\/wp-content\/uploads\/2017\/07\/Equipe-nationale.jpeg 320w, https:\/\/vivresonreve.ch\/wp-content\/uploads\/2017\/07\/Equipe-nationale-300x201.jpeg 300w\" sizes=\"auto, (max-width: 320px) 100vw, 320px\" \/><\/p>\n<p>&nbsp;<\/p>\n<p>Afin de pr\u00e9parer au mieux la 2<span style=\"font-size: 11.999999046325684px;\">eme<\/span>\u00a0partie de la saison, j\u2019ai pass\u00e9 2 semaines du mois de juin en camp d\u2019entra\u00eenement avec l\u2019\u00e9quipe suisse U23 et \u00e9lite \u00e0 St-Moritz \u00e0 plus de 2000m d\u2019altitude. J\u2019ai ainsi pu m\u2019entra\u00eener et \u00e9changer avec les meilleurs\u00a0v\u00e9t\u00e9tistes du pays, comme Jolanda Neff, Nino Schurter ou Mathias Fl\u00fckiger. J\u2019ai surtout pu profiter du meilleur encadrement possible pour progresser et apprendre.<\/p>\n<p><strong>\u00a07<span style=\"font-size: 11.999999046325684px;\">eme<\/span>\u00a0Swiss Cup Andermatt \u2013 \u00e9lite<\/strong><\/p>\n<p>A la fin du camp d\u2019entra\u00eenement, je me suis align\u00e9 sur la coupe suisse d\u2019Andermatt. J\u2019ai choisis de courir en cat\u00e9gorie reine afin d\u2019allonger un peu la course pour mieux me pr\u00e9parer pour la suite de la saison mais \u00e9galement pour marquer plus de points au classement mondial. (je dispose d\u2019une licence me permettant de choisir entre la course U23 et \u00e9lite en Suisse).<\/p>\n<p>Au final, je r\u00e9alise le meilleur r\u00e9sultat de ma saison mais surtout l\u2019une de mes meilleures performances jusqu\u2019ici avec une 7<span style=\"font-size: 11.999999046325684px;\">eme<\/span>\u00a0place inattendue \u00e0 ce niveau. De tr\u00e8s bonne augure pour la suite.<\/p>\n<p>Justement, la suite\u2026<\/p>\n<p>Les 3 prochaines semaines vont pour moi \u00eatre d\u00e9terminantes, en effet, je vais m\u2019aligner sur les manches 3 et 4 de la coupes du monde. D\u2019abord \u00e0 Vallnord en Andorre \u00e0 plus de 2000m d\u2019altitude puis \u00e0 Lenzerheide dans les grisons. La derni\u00e8re course de cette s\u00e9rie sera le championnat suisse de Montsevelier\u00a0\u00a0(JU). J\u2019esp\u00e8re vraiment pouvoir figurer aux avant-postes de ces 3 courses, notamment gr\u00e2ce \u00e0 cette super pr\u00e9paration avec la Nati.<\/p>\n<p>Je profite de cette news pour vous remercier de votre aide, vous m\u2019aidez \u00e0 r\u00e9aliser mon r\u00eave\u00a0!<\/p>\n<p>Meilleures salutations sportives<\/p>\n<p>L\u00e9o L\u2019Homme<\/p>\n","protected":false},"excerpt":{"rendered":"<p>&nbsp; Afin de pr\u00e9parer au mieux la 2eme\u00a0partie de la saison, j\u2019ai pass\u00e9 2 semaines du mois de juin en camp d\u2019entra\u00eenement avec l\u2019\u00e9quipe suisse U23 et \u00e9lite \u00e0 St-Moritz \u00e0 plus de 2000m d\u2019altitude. J\u2019ai ainsi pu m\u2019entra\u00eener et \u00e9changer avec les meilleurs\u00a0v\u00e9t\u00e9tistes du pays, comme Jolanda Neff, Nino Schurter ou Mathias Fl\u00fckiger. J\u2019ai [&hellip;]<\/p>\n","protected":false},"author":2,"featured_media":0,"comment_status":"closed","ping_status":"closed","sticky":true,"template":"","format":"standard","meta":{"_et_pb_use_builder":"","_et_pb_old_content":"","_et_gb_content_width":"","footnotes":""},"categories":[11],"tags":[],"class_list":["post-2322","post","type-post","status-publish","format-standard","hentry","category-association"],"_links":{"self":[{"href":"https:\/\/vivresonreve.ch\/index.php?rest_route=\/wp\/v2\/posts\/2322","targetHints":{"allow":["GET"]}}],"collection":[{"href":"https:\/\/vivresonreve.ch\/index.php?rest_route=\/wp\/v2\/posts"}],"about":[{"href":"https:\/\/vivresonreve.ch\/index.php?rest_route=\/wp\/v2\/types\/post"}],"author":[{"embeddable":true,"href":"https:\/\/vivresonreve.ch\/index.php?rest_route=\/wp\/v2\/users\/2"}],"replies":[{"embeddable":true,"href":"https:\/\/vivresonreve.ch\/index.php?rest_route=%2Fwp%2Fv2%2Fcomments&post=2322"}],"version-history":[{"count":3,"href":"https:\/\/vivresonreve.ch\/index.php?rest_route=\/wp\/v2\/posts\/2322\/revisions"}],"predecessor-version":[{"id":2328,"href":"https:\/\/vivresonreve.ch\/index.php?rest_route=\/wp\/v2\/posts\/2322\/revisions\/2328"}],"wp:attachment":[{"href":"https:\/\/vivresonreve.ch\/index.php?rest_route=%2Fwp%2Fv2%2Fmedia&parent=2322"}],"wp:term":[{"taxonomy":"category","embeddable":true,"href":"https:\/\/vivresonreve.ch\/index.php?rest_route=%2Fwp%2Fv2%2Fcategories&post=2322"},{"taxonomy":"post_tag","embeddable":true,"href":"https:\/\/vivresonreve.ch\/index.php?rest_route=%2Fwp%2Fv2%2Ftags&post=2322"}],"curies":[{"name":"wp","href":"https:\/\/api.w.org\/{rel}","templated":true}]}}