{"id":2317,"date":"2017-06-20T14:28:56","date_gmt":"2017-06-20T14:28:56","guid":{"rendered":"http:\/\/vivresonreve.ch\/?p=2317"},"modified":"2017-08-14T15:06:09","modified_gmt":"2017-08-14T15:06:09","slug":"malika-au-championnat-romand","status":"publish","type":"post","link":"https:\/\/vivresonreve.ch\/?p=2317","title":{"rendered":"Malika au Championnat Romand"},"content":{"rendered":"<p>Bonjour, voici des super infos concernant Malika Gobet, sur le week-end du 16 au 18 juin ou elle a particip\u00e9 au Championnat Romand d&rsquo;\u00e9t\u00e9 de natation \u00e0 la piscine des Vernets \u00e0 Gen\u00e8ve.<\/p>\n<p>Cette comp\u00e9tition de 3 jours \u00e9tait destin\u00e9e aux meilleurs nageurs et nageuses Romand et l&rsquo;acc\u00e8s \u00e0 cette comp\u00e9tition s&rsquo;est fait par une qualification aux chrono.<\/p>\n<p>Les athl\u00e8tes \u00e9taient regroup\u00e9s en 2 cat\u00e9gories, les adultes en cat\u00e9gorie g\u00e9n\u00e9ral et les plus jeunes en J15 (15 ans et moins) pour les filles et J16 pour les gar\u00e7ons.<\/p>\n<p>Malika notre sprinteuse \u00e0 nag\u00e9 le 50m libre en 28.41 et s&rsquo;est class\u00e9e 2\u00e8me chez les J15<\/p>\n<p>Notre championne sur le 100m dos en 1.08.12 \u00e0 d\u00e9croch\u00e9 le titre de Championne Romande chez les J15 et s&rsquo;est qualifi\u00e9e pour la finale A Open (Adultes top Romand)<\/p>\n<p>et \u00e0 r\u00e9ussi le temps de 1.08.22 pour se classer 3\u00e8me chez les adultes et gagner sa premi\u00e8re m\u00e9daille chez les adultes super !!!<\/p>\n<p>Notre Championne sur le 50m dos \u00e0 particuli\u00e8rement brill\u00e9, en faisant un 30.62. Elle devient Championne Romande des J15 tout en battant son ancien record Suisse de 1s. Nouveau record Suisse, elle s&rsquo;est donc qualifi\u00e9e pour la finale A en open contre le top des adultes Romand. Avec ce chrono, elle a fait la 3\u00e8me performance europ\u00e9enne de l&rsquo;ann\u00e9e chez les j13 (13 ans) Incroyable!<\/p>\n<p>Et sur cette finale elle \u00e0 r\u00e9ussi \u00e0 nager en 30.64 son 50m dos et battre la favorite Fanny Borer ( qui s&rsquo;entraine 3 x par jour et qui a 10 ans de plus et qui est championne Suisse 200m dos 2016) donc Malika, \u00e0 13 ans, devient la Championne Romande Open 2017 du 50m dos.<\/p>\n<p>Extraordinaire et elle rentre dans le top Ten Suisse de cette discipline chez les adultes.<\/p>\n<p>Bravooooo premier titre chez les pros !<\/p>\n<p>Paco FB Reporter Team Malika<\/p>\n<p><a href=\"http:\/\/www.youtube.com\/watch?v=bufvnPpwXbY\">Voir la vid\u00e9o de la course<\/a><\/p>\n","protected":false},"excerpt":{"rendered":"<p>Bonjour, voici des super infos concernant Malika Gobet, sur le week-end du 16 au 18 juin ou elle a particip\u00e9 au Championnat Romand d&rsquo;\u00e9t\u00e9 de natation \u00e0 la piscine des Vernets \u00e0 Gen\u00e8ve. Cette comp\u00e9tition de 3 jours \u00e9tait destin\u00e9e aux meilleurs nageurs et nageuses Romand et l&rsquo;acc\u00e8s \u00e0 cette comp\u00e9tition s&rsquo;est fait par une [&hellip;]<\/p>\n","protected":false},"author":2,"featured_media":0,"comment_status":"closed","ping_status":"closed","sticky":true,"template":"","format":"standard","meta":{"_et_pb_use_builder":"","_et_pb_old_content":"","_et_gb_content_width":"","footnotes":""},"categories":[23],"tags":[],"class_list":["post-2317","post","type-post","status-publish","format-standard","hentry","category-malika"],"_links":{"self":[{"href":"https:\/\/vivresonreve.ch\/index.php?rest_route=\/wp\/v2\/posts\/2317","targetHints":{"allow":["GET"]}}],"collection":[{"href":"https:\/\/vivresonreve.ch\/index.php?rest_route=\/wp\/v2\/posts"}],"about":[{"href":"https:\/\/vivresonreve.ch\/index.php?rest_route=\/wp\/v2\/types\/post"}],"author":[{"embeddable":true,"href":"https:\/\/vivresonreve.ch\/index.php?rest_route=\/wp\/v2\/users\/2"}],"replies":[{"embeddable":true,"href":"https:\/\/vivresonreve.ch\/index.php?rest_route=%2Fwp%2Fv2%2Fcomments&post=2317"}],"version-history":[{"count":5,"href":"https:\/\/vivresonreve.ch\/index.php?rest_route=\/wp\/v2\/posts\/2317\/revisions"}],"predecessor-version":[{"id":2359,"href":"https:\/\/vivresonreve.ch\/index.php?rest_route=\/wp\/v2\/posts\/2317\/revisions\/2359"}],"wp:attachment":[{"href":"https:\/\/vivresonreve.ch\/index.php?rest_route=%2Fwp%2Fv2%2Fmedia&parent=2317"}],"wp:term":[{"taxonomy":"category","embeddable":true,"href":"https:\/\/vivresonreve.ch\/index.php?rest_route=%2Fwp%2Fv2%2Fcategories&post=2317"},{"taxonomy":"post_tag","embeddable":true,"href":"https:\/\/vivresonreve.ch\/index.php?rest_route=%2Fwp%2Fv2%2Ftags&post=2317"}],"curies":[{"name":"wp","href":"https:\/\/api.w.org\/{rel}","templated":true}]}}