{"id":2297,"date":"2017-06-19T07:46:47","date_gmt":"2017-06-19T07:46:47","guid":{"rendered":"http:\/\/vivresonreve.ch\/?p=2297"},"modified":"2017-06-19T07:58:18","modified_gmt":"2017-06-19T07:58:18","slug":"2297","status":"publish","type":"post","link":"https:\/\/vivresonreve.ch\/?p=2297","title":{"rendered":"Romane \u00e0 l&rsquo;Open d&rsquo;Allemagne"},"content":{"rendered":"<p>Les 27 et 28 mai derniers, Romane\u00a0s&rsquo;est rendue \u00e0 Dortmund pour participer au championnat d&rsquo;Allemagne de pole sport, dans la cat\u00e9gorie <em>Open Elite Novice<\/em> (10-14 ans).<\/p>\n<p>Lors de cette comp\u00e9tition, Romane a pr\u00e9sent\u00e9 sa nouvelle chor\u00e9graphie sur un air de tango et a ainsi d\u00e9croch\u00e9 fi\u00e8rement sa qualification pour les championnats du monde de pole sport qui se d\u00e9rouleront du 29 juin au 1<sup>er<\/sup> juillet \u00e0 Bois-Le-Duc, aux Pays-Bas. Aussi cette ann\u00e9e, elle sera la seule\u00a0Suissesse de la comp\u00e9tition.<\/p>\n<p>A peine de retour d&rsquo;Allemagne,\u00a0Romane s&rsquo;est remise au travail et avec son entra\u00eeneur, elles ont entrepris plusieurs modifications de la chor\u00e9graphie pour\u00a0cumuler le maximum de points bonus. M\u00eame si techniquement en souplesse, Romane ma\u00eetrise parfaitement ses figures, en force elle doit encore travailler son explosivit\u00e9 et son dynamisme. La concurrence sera rude le mois prochain, mais Romane est plus d\u00e9termin\u00e9e que jamais!<\/p>\n<p><a href=\"https:\/\/vivresonreve.ch\/?page_id=2063\">Quelques photos du championnat d&rsquo;Allemagne prises par\u00a0le photographe officiel, Sebastian Kuse.<\/a><\/p>\n","protected":false},"excerpt":{"rendered":"<p>Les 27 et 28 mai derniers, Romane\u00a0s&rsquo;est rendue \u00e0 Dortmund pour participer au championnat d&rsquo;Allemagne de pole sport, dans la cat\u00e9gorie Open Elite Novice (10-14 ans). Lors de cette comp\u00e9tition, Romane a pr\u00e9sent\u00e9 sa nouvelle chor\u00e9graphie sur un air de tango et a ainsi d\u00e9croch\u00e9 fi\u00e8rement sa qualification pour les championnats du monde de pole [&hellip;]<\/p>\n","protected":false},"author":2,"featured_media":0,"comment_status":"closed","ping_status":"closed","sticky":true,"template":"","format":"standard","meta":{"_et_pb_use_builder":"","_et_pb_old_content":"","_et_gb_content_width":"","footnotes":""},"categories":[11],"tags":[],"class_list":["post-2297","post","type-post","status-publish","format-standard","hentry","category-association"],"_links":{"self":[{"href":"https:\/\/vivresonreve.ch\/index.php?rest_route=\/wp\/v2\/posts\/2297","targetHints":{"allow":["GET"]}}],"collection":[{"href":"https:\/\/vivresonreve.ch\/index.php?rest_route=\/wp\/v2\/posts"}],"about":[{"href":"https:\/\/vivresonreve.ch\/index.php?rest_route=\/wp\/v2\/types\/post"}],"author":[{"embeddable":true,"href":"https:\/\/vivresonreve.ch\/index.php?rest_route=\/wp\/v2\/users\/2"}],"replies":[{"embeddable":true,"href":"https:\/\/vivresonreve.ch\/index.php?rest_route=%2Fwp%2Fv2%2Fcomments&post=2297"}],"version-history":[{"count":4,"href":"https:\/\/vivresonreve.ch\/index.php?rest_route=\/wp\/v2\/posts\/2297\/revisions"}],"predecessor-version":[{"id":2314,"href":"https:\/\/vivresonreve.ch\/index.php?rest_route=\/wp\/v2\/posts\/2297\/revisions\/2314"}],"wp:attachment":[{"href":"https:\/\/vivresonreve.ch\/index.php?rest_route=%2Fwp%2Fv2%2Fmedia&parent=2297"}],"wp:term":[{"taxonomy":"category","embeddable":true,"href":"https:\/\/vivresonreve.ch\/index.php?rest_route=%2Fwp%2Fv2%2Fcategories&post=2297"},{"taxonomy":"post_tag","embeddable":true,"href":"https:\/\/vivresonreve.ch\/index.php?rest_route=%2Fwp%2Fv2%2Ftags&post=2297"}],"curies":[{"name":"wp","href":"https:\/\/api.w.org\/{rel}","templated":true}]}}