{"id":2295,"date":"2017-06-19T07:44:18","date_gmt":"2017-06-19T07:44:18","guid":{"rendered":"http:\/\/vivresonreve.ch\/?p=2295"},"modified":"2017-06-19T07:59:00","modified_gmt":"2017-06-19T07:59:00","slug":"malchance-pour-leo","status":"publish","type":"post","link":"https:\/\/vivresonreve.ch\/?p=2295","title":{"rendered":"Malchance pour L\u00e9o"},"content":{"rendered":"<p>Comme je vous l\u2019avais dit mes premiers grands objectifs \u00e9taient les 2 premi\u00e8res manches de coupe du monde U23 en R\u00e9publique Tch\u00e8que ainsi qu\u2019en Allemagne.<br \/>\nJe suis arriv\u00e9 sur place sans conna\u00eetre r\u00e9ellement ma forme mais \u00e9tait assez confiant. Je partais \u00e9galement pour la premi\u00e8re fois dans les 50 premiers.<br \/>\nLa malchance a malheureusement continu\u00e9 \u00e0 me compliquer la t\u00e2che.<br \/>\nEn R\u00e9publique Tch\u00e8que, un coureur est tomb\u00e9 devant moi dans le premier tour alors que j\u2019\u00e9tais dans les 20 premiers, je suis donc \u00e9galement tomb\u00e9 et repartis en 150e position. Je remonte ensuite jusqu\u2019\u00e0 une tr\u00e8s d\u00e9cevante 68e place. Les temps au tour me prouvent que je pouvais jouer le top 30 mais le temps perdu \u00e9tait trop important.<br \/>\nEn Allemagne, je prends un d\u00e9part prudent et suis aux alentours de la 45e place apr\u00e8s 10min de course, ma cha\u00eene se casse dans une descente et je rejoins \u00e0 pieds la zone de r\u00e9paration. Je repars ensuite plus d\u2019une minute derri\u00e8re le\u2026 160e et suis dernier. Je r\u00e9alise ensuite ma plus grande performance en course en remontant \u00e0 la 75e place. Un tr\u00e8s mauvais r\u00e9sultat mais encore une fois les temps au tour me prouvent que je pouvais jouer le top 30, ou certainement mieux.<br \/>\nJe reste satisfait car je peux voir que ma pr\u00e9paration est bonne, d\u00e8s que la chance tournera les r\u00e9sultats suivront. Le s\u00e9lectionneur suisse \u00e9tait par ailleurs tr\u00e8s content de moi.<\/p>\n<p>Je vous souhaite une belle journ\u00e9e et un bon week-end<\/p>\n<p>A bient\u00f4t<\/p>\n<p>L\u00e9o<\/p>\n","protected":false},"excerpt":{"rendered":"<p>Comme je vous l\u2019avais dit mes premiers grands objectifs \u00e9taient les 2 premi\u00e8res manches de coupe du monde U23 en R\u00e9publique Tch\u00e8que ainsi qu\u2019en Allemagne. Je suis arriv\u00e9 sur place sans conna\u00eetre r\u00e9ellement ma forme mais \u00e9tait assez confiant. Je partais \u00e9galement pour la premi\u00e8re fois dans les 50 premiers. La malchance a malheureusement continu\u00e9 [&hellip;]<\/p>\n","protected":false},"author":2,"featured_media":0,"comment_status":"closed","ping_status":"closed","sticky":true,"template":"","format":"standard","meta":{"_et_pb_use_builder":"","_et_pb_old_content":"","_et_gb_content_width":"","footnotes":""},"categories":[11],"tags":[],"class_list":["post-2295","post","type-post","status-publish","format-standard","hentry","category-association"],"_links":{"self":[{"href":"https:\/\/vivresonreve.ch\/index.php?rest_route=\/wp\/v2\/posts\/2295","targetHints":{"allow":["GET"]}}],"collection":[{"href":"https:\/\/vivresonreve.ch\/index.php?rest_route=\/wp\/v2\/posts"}],"about":[{"href":"https:\/\/vivresonreve.ch\/index.php?rest_route=\/wp\/v2\/types\/post"}],"author":[{"embeddable":true,"href":"https:\/\/vivresonreve.ch\/index.php?rest_route=\/wp\/v2\/users\/2"}],"replies":[{"embeddable":true,"href":"https:\/\/vivresonreve.ch\/index.php?rest_route=%2Fwp%2Fv2%2Fcomments&post=2295"}],"version-history":[{"count":2,"href":"https:\/\/vivresonreve.ch\/index.php?rest_route=\/wp\/v2\/posts\/2295\/revisions"}],"predecessor-version":[{"id":2315,"href":"https:\/\/vivresonreve.ch\/index.php?rest_route=\/wp\/v2\/posts\/2295\/revisions\/2315"}],"wp:attachment":[{"href":"https:\/\/vivresonreve.ch\/index.php?rest_route=%2Fwp%2Fv2%2Fmedia&parent=2295"}],"wp:term":[{"taxonomy":"category","embeddable":true,"href":"https:\/\/vivresonreve.ch\/index.php?rest_route=%2Fwp%2Fv2%2Fcategories&post=2295"},{"taxonomy":"post_tag","embeddable":true,"href":"https:\/\/vivresonreve.ch\/index.php?rest_route=%2Fwp%2Fv2%2Ftags&post=2295"}],"curies":[{"name":"wp","href":"https:\/\/api.w.org\/{rel}","templated":true}]}}