{"id":2291,"date":"2017-05-31T09:06:52","date_gmt":"2017-05-31T09:06:52","guid":{"rendered":"http:\/\/vivresonreve.ch\/?p=2291"},"modified":"2017-05-31T09:07:38","modified_gmt":"2017-05-31T09:07:38","slug":"la-performance-de-malika-a-geneve","status":"publish","type":"post","link":"https:\/\/vivresonreve.ch\/?p=2291","title":{"rendered":"La performance de Malika \u00e0 Gen\u00e8ve"},"content":{"rendered":"<p>Samedi 27 mai, Malika a particip\u00e9 \u00e0 la comp\u00e9tition mythique de Gen\u00e8ve, le Challenge natation Tribune de Gen\u00e8ve panathlon.<\/p>\n<p>Une comp\u00e9tition qui existe depuis 1977 qui se d\u00e9roule au Vernets en grand bassin.<\/p>\n<p>Chaque ann\u00e9e cette \u00e9preuve permet de d\u00e9couvrir plusieurs athl\u00e8tes qui formeront plus tard l&rsquo;\u00e9lite de la natation Suisse, l&rsquo;\u00e2ge maximum est de 13 ans&#8230;Dano Halsall (J.O) et consorts ont pos\u00e9s leurs nageoires sur cette comp\u00e9tition.<\/p>\n<p>Donc Malika \u00e0 particip\u00e9 pour l&rsquo;unique fois \u00e0 ce challenge.<\/p>\n<p>Elle a brill\u00e9, tous d&rsquo;abord nageant son 50m libre et en remportant la finale.<\/p>\n<p>Elle a enchain\u00e9 sur le 50m libre de la super finale ou elle a nag\u00e9 en 28.10s, avec ce temps elle \u00e0 fr\u00f4l\u00e9 de d\u00e9crocher le record Suisse J13 qui est \u00e0 28.00.<\/p>\n<p>Etant meilleures que les gar\u00e7ons elle a gagn\u00e9 le challenge, donc on aura la satisfaction d&rsquo;avoir son nom grav\u00e9 sur ce troph\u00e9 \u00e0 jamais \u00e0 c\u00f4t\u00e9 d&rsquo;ancien champion et championne Suisse&#8230;.<\/p>\n<p>De plus ce chrono d\u00e9croche l&rsquo;ancien record de la comp\u00e9tition de 1977 de 29.00 qui \u00e0 \u00e9t\u00e9 r\u00e9alis\u00e9 \u00e0 l&rsquo;\u00e9poque par Marie-Th\u00e9r\u00e8se Armantero ( m\u00e9daille de bronze des championnats du monde de madrid 1986)&#8230;<\/p>\n<p>Meilleures salutations<\/p>\n<p>Pascal Gobet<\/p>\n","protected":false},"excerpt":{"rendered":"<p>Samedi 27 mai, Malika a particip\u00e9 \u00e0 la comp\u00e9tition mythique de Gen\u00e8ve, le Challenge natation Tribune de Gen\u00e8ve panathlon. Une comp\u00e9tition qui existe depuis 1977 qui se d\u00e9roule au Vernets en grand bassin. Chaque ann\u00e9e cette \u00e9preuve permet de d\u00e9couvrir plusieurs athl\u00e8tes qui formeront plus tard l&rsquo;\u00e9lite de la natation Suisse, l&rsquo;\u00e2ge maximum est de [&hellip;]<\/p>\n","protected":false},"author":2,"featured_media":0,"comment_status":"closed","ping_status":"closed","sticky":true,"template":"","format":"standard","meta":{"_et_pb_use_builder":"","_et_pb_old_content":"","_et_gb_content_width":"","footnotes":""},"categories":[23],"tags":[],"class_list":["post-2291","post","type-post","status-publish","format-standard","hentry","category-malika"],"_links":{"self":[{"href":"https:\/\/vivresonreve.ch\/index.php?rest_route=\/wp\/v2\/posts\/2291","targetHints":{"allow":["GET"]}}],"collection":[{"href":"https:\/\/vivresonreve.ch\/index.php?rest_route=\/wp\/v2\/posts"}],"about":[{"href":"https:\/\/vivresonreve.ch\/index.php?rest_route=\/wp\/v2\/types\/post"}],"author":[{"embeddable":true,"href":"https:\/\/vivresonreve.ch\/index.php?rest_route=\/wp\/v2\/users\/2"}],"replies":[{"embeddable":true,"href":"https:\/\/vivresonreve.ch\/index.php?rest_route=%2Fwp%2Fv2%2Fcomments&post=2291"}],"version-history":[{"count":2,"href":"https:\/\/vivresonreve.ch\/index.php?rest_route=\/wp\/v2\/posts\/2291\/revisions"}],"predecessor-version":[{"id":2293,"href":"https:\/\/vivresonreve.ch\/index.php?rest_route=\/wp\/v2\/posts\/2291\/revisions\/2293"}],"wp:attachment":[{"href":"https:\/\/vivresonreve.ch\/index.php?rest_route=%2Fwp%2Fv2%2Fmedia&parent=2291"}],"wp:term":[{"taxonomy":"category","embeddable":true,"href":"https:\/\/vivresonreve.ch\/index.php?rest_route=%2Fwp%2Fv2%2Fcategories&post=2291"},{"taxonomy":"post_tag","embeddable":true,"href":"https:\/\/vivresonreve.ch\/index.php?rest_route=%2Fwp%2Fv2%2Ftags&post=2291"}],"curies":[{"name":"wp","href":"https:\/\/api.w.org\/{rel}","templated":true}]}}