{"id":2245,"date":"2017-05-02T08:53:22","date_gmt":"2017-05-02T08:53:22","guid":{"rendered":"http:\/\/vivresonreve.ch\/?p=2245"},"modified":"2017-05-02T08:53:44","modified_gmt":"2017-05-02T08:53:44","slug":"romane-au-pole-theater-switzerland","status":"publish","type":"post","link":"https:\/\/vivresonreve.ch\/?p=2245","title":{"rendered":"Romane au Pole Theater Switzerland"},"content":{"rendered":"<p><img loading=\"lazy\" decoding=\"async\" class=\"alignnone  wp-image-2246 alignleft\" src=\"https:\/\/vivresonreve.ch\/wp-content\/uploads\/2017\/05\/Pole-Theater-Switzerland-2017.jpeg\" alt=\"Pole-Theater-Switzerland-2017\" width=\"350\" height=\"350\" srcset=\"https:\/\/vivresonreve.ch\/wp-content\/uploads\/2017\/05\/Pole-Theater-Switzerland-2017.jpeg 800w, https:\/\/vivresonreve.ch\/wp-content\/uploads\/2017\/05\/Pole-Theater-Switzerland-2017-100x100.jpeg 100w, https:\/\/vivresonreve.ch\/wp-content\/uploads\/2017\/05\/Pole-Theater-Switzerland-2017-600x600.jpeg 600w, https:\/\/vivresonreve.ch\/wp-content\/uploads\/2017\/05\/Pole-Theater-Switzerland-2017-150x150.jpeg 150w, https:\/\/vivresonreve.ch\/wp-content\/uploads\/2017\/05\/Pole-Theater-Switzerland-2017-300x300.jpeg 300w, https:\/\/vivresonreve.ch\/wp-content\/uploads\/2017\/05\/Pole-Theater-Switzerland-2017-768x768.jpeg 768w\" sizes=\"auto, (max-width: 350px) 100vw, 350px\" \/>Ce week-end, les\u00a029 et 30 avril, s&rsquo;est d\u00e9roul\u00e9 pour la 2\u00e8me \u00e9dition en Suisse, le <a href=\"https:\/\/www.swisspoletheatre.com\"><strong>Pole Theater Switzerland<\/strong><\/a> \u00e0 Lausanne. Cette comp\u00e9tition internationale de pole a r\u00e9uni les meilleures artistes de leur cat\u00e9gorie venant de Suisse, de France, d&rsquo;Italie, du Portugal\u00a0mais aussi de Russie, d&rsquo;Ukraine ou encore de la R\u00e9publique Tsch\u00e8que.<\/p>\n<p>Le Pole Theater est un concept unique en son genre et remporte un succ\u00e8s florissant partout dans le monde. La comp\u00e9tition propose\u00a0diff\u00e9rentes cat\u00e9gories: Pole Art, Pole Drama, Pole Comedy ,&#8230; Les participants ont alors carte blanche pour offrir du spectacle au public et \u00e0 un jury de professionnels.<\/p>\n<p>Et en premi\u00e8re mondiale, ce rendez-vous unique en Suisse a ouvert ces portes cette ann\u00e9e \u00e0 la cat\u00e9gorie <strong>Kids<\/strong> dans laquelle Romane figurait parmi les favoris.<\/p>\n<p>Romane a donc \u00e9t\u00e9 s\u00e9lectionn\u00e9e pour la finale de dimanche et a remport\u00e9 brillamment la comp\u00e9tition dans la cat\u00e9gorie <em><strong>Kids Elite Art!<\/strong><\/em><\/p>\n<p>Concernant les comp\u00e9titions de pole sport et suite \u00e0 la blessure de Romane le mois dernier en Espagne, nous avons re\u00e7u l&rsquo;autorisation de la F\u00e9d\u00e9ration Internationale de Pole Sport (IPSF) \u00e0 ce que Romane prenne part \u00e0 un autre Open. C&rsquo;est donc les 27 et 28 mai prochains que Romane\u00a0se rendra \u00e0 Dortmund pour tenter\u00a0de se qualifier pour les championnats du monde de pole sport.<\/p>\n","protected":false},"excerpt":{"rendered":"<p>Ce week-end, les\u00a029 et 30 avril, s&rsquo;est d\u00e9roul\u00e9 pour la 2\u00e8me \u00e9dition en Suisse, le Pole Theater Switzerland \u00e0 Lausanne. Cette comp\u00e9tition internationale de pole a r\u00e9uni les meilleures artistes de leur cat\u00e9gorie venant de Suisse, de France, d&rsquo;Italie, du Portugal\u00a0mais aussi de Russie, d&rsquo;Ukraine ou encore de la R\u00e9publique Tsch\u00e8que. Le Pole Theater est [&hellip;]<\/p>\n","protected":false},"author":2,"featured_media":0,"comment_status":"closed","ping_status":"closed","sticky":true,"template":"","format":"standard","meta":{"_et_pb_use_builder":"","_et_pb_old_content":"","_et_gb_content_width":"","footnotes":""},"categories":[11],"tags":[],"class_list":["post-2245","post","type-post","status-publish","format-standard","hentry","category-association"],"_links":{"self":[{"href":"https:\/\/vivresonreve.ch\/index.php?rest_route=\/wp\/v2\/posts\/2245","targetHints":{"allow":["GET"]}}],"collection":[{"href":"https:\/\/vivresonreve.ch\/index.php?rest_route=\/wp\/v2\/posts"}],"about":[{"href":"https:\/\/vivresonreve.ch\/index.php?rest_route=\/wp\/v2\/types\/post"}],"author":[{"embeddable":true,"href":"https:\/\/vivresonreve.ch\/index.php?rest_route=\/wp\/v2\/users\/2"}],"replies":[{"embeddable":true,"href":"https:\/\/vivresonreve.ch\/index.php?rest_route=%2Fwp%2Fv2%2Fcomments&post=2245"}],"version-history":[{"count":1,"href":"https:\/\/vivresonreve.ch\/index.php?rest_route=\/wp\/v2\/posts\/2245\/revisions"}],"predecessor-version":[{"id":2247,"href":"https:\/\/vivresonreve.ch\/index.php?rest_route=\/wp\/v2\/posts\/2245\/revisions\/2247"}],"wp:attachment":[{"href":"https:\/\/vivresonreve.ch\/index.php?rest_route=%2Fwp%2Fv2%2Fmedia&parent=2245"}],"wp:term":[{"taxonomy":"category","embeddable":true,"href":"https:\/\/vivresonreve.ch\/index.php?rest_route=%2Fwp%2Fv2%2Fcategories&post=2245"},{"taxonomy":"post_tag","embeddable":true,"href":"https:\/\/vivresonreve.ch\/index.php?rest_route=%2Fwp%2Fv2%2Ftags&post=2245"}],"curies":[{"name":"wp","href":"https:\/\/api.w.org\/{rel}","templated":true}]}}