{"id":2010,"date":"2017-02-14T10:31:53","date_gmt":"2017-02-14T10:31:53","guid":{"rendered":"http:\/\/vivresonreve.ch\/?p=2010"},"modified":"2017-02-14T10:32:44","modified_gmt":"2017-02-14T10:32:44","slug":"arnaud-debut-de-saison","status":"publish","type":"post","link":"https:\/\/vivresonreve.ch\/?p=2010","title":{"rendered":"Arnaud &#8211; d\u00e9but de saison"},"content":{"rendered":"<p>Voici quelques nouvelles de mon d\u00e9but de saison.<br \/>\nSuite \u00e0 mes douleurs aux \u00e9paules qui se sont av\u00e9r\u00e9es une tendinite j&rsquo;ai d\u00fb renoncer aux courses en d\u00e9but d&rsquo;ann\u00e9e.<\/p>\n<p>J&rsquo;ai particip\u00e9 fin janvier et d\u00e9but f\u00e9vrier \u00e0 deux courses populaires: le demi-marathon de l&rsquo;Etoile o\u00f9 j&rsquo;ai fini\u00a0 8\u00e8me et la Classic o\u00f9 je termine 3\u00e8me.<br \/>\nJe fais \u00e9norm\u00e9ment de physio et mes \u00e9paules me font presque plus mal.<br \/>\nCe week-end j&rsquo;ai particip\u00e9 aux Championnats Romands et j&rsquo;ai termin\u00e9 1er U18.<\/p>\n<p>Je continue \u00e0 m&rsquo;entra\u00eener avec pleins de motivations.<br \/>\n\u00c7a me mets en confiance pour la Swiss Cup \u00e0 la fin du mois \u00e0 Campra.<\/p>\n<p>\u00c0 bient\u00f4t pour la suite de la saison.<\/p>\n<p>Encore merci pour le soutien<\/p>\n<p>Sportivement<br \/>\nArnaud Guex<\/p>\n","protected":false},"excerpt":{"rendered":"<p>Voici quelques nouvelles de mon d\u00e9but de saison. Suite \u00e0 mes douleurs aux \u00e9paules qui se sont av\u00e9r\u00e9es une tendinite j&rsquo;ai d\u00fb renoncer aux courses en d\u00e9but d&rsquo;ann\u00e9e. J&rsquo;ai particip\u00e9 fin janvier et d\u00e9but f\u00e9vrier \u00e0 deux courses populaires: le demi-marathon de l&rsquo;Etoile o\u00f9 j&rsquo;ai fini\u00a0 8\u00e8me et la Classic o\u00f9 je termine 3\u00e8me. Je [&hellip;]<\/p>\n","protected":false},"author":2,"featured_media":0,"comment_status":"closed","ping_status":"closed","sticky":true,"template":"","format":"standard","meta":{"_et_pb_use_builder":"","_et_pb_old_content":"","_et_gb_content_width":"","footnotes":""},"categories":[22],"tags":[],"class_list":["post-2010","post","type-post","status-publish","format-standard","hentry","category-arnaud-guex"],"_links":{"self":[{"href":"https:\/\/vivresonreve.ch\/index.php?rest_route=\/wp\/v2\/posts\/2010","targetHints":{"allow":["GET"]}}],"collection":[{"href":"https:\/\/vivresonreve.ch\/index.php?rest_route=\/wp\/v2\/posts"}],"about":[{"href":"https:\/\/vivresonreve.ch\/index.php?rest_route=\/wp\/v2\/types\/post"}],"author":[{"embeddable":true,"href":"https:\/\/vivresonreve.ch\/index.php?rest_route=\/wp\/v2\/users\/2"}],"replies":[{"embeddable":true,"href":"https:\/\/vivresonreve.ch\/index.php?rest_route=%2Fwp%2Fv2%2Fcomments&post=2010"}],"version-history":[{"count":1,"href":"https:\/\/vivresonreve.ch\/index.php?rest_route=\/wp\/v2\/posts\/2010\/revisions"}],"predecessor-version":[{"id":2011,"href":"https:\/\/vivresonreve.ch\/index.php?rest_route=\/wp\/v2\/posts\/2010\/revisions\/2011"}],"wp:attachment":[{"href":"https:\/\/vivresonreve.ch\/index.php?rest_route=%2Fwp%2Fv2%2Fmedia&parent=2010"}],"wp:term":[{"taxonomy":"category","embeddable":true,"href":"https:\/\/vivresonreve.ch\/index.php?rest_route=%2Fwp%2Fv2%2Fcategories&post=2010"},{"taxonomy":"post_tag","embeddable":true,"href":"https:\/\/vivresonreve.ch\/index.php?rest_route=%2Fwp%2Fv2%2Ftags&post=2010"}],"curies":[{"name":"wp","href":"https:\/\/api.w.org\/{rel}","templated":true}]}}