{"id":1981,"date":"2016-11-01T12:48:22","date_gmt":"2016-11-01T12:48:22","guid":{"rendered":"http:\/\/vivresonreve.ch\/?p=1981"},"modified":"2016-11-01T12:51:42","modified_gmt":"2016-11-01T12:51:42","slug":"remerciements-de-madeline","status":"publish","type":"post","link":"https:\/\/vivresonreve.ch\/?p=1981","title":{"rendered":"Message de remerciements"},"content":{"rendered":"<p>Cher Pr\u00e9sident,<br \/>\nChers Membres de Vivre son R\u00eave,<br \/>\nCh\u00e8re Dominique,<\/p>\n<p>Vendredi 14 octobre 2016, nous avons eu la chance de participer \u00e0 la journ\u00e9e \u00abVivre son R\u00eave\u00bb. Pour nous, cela restera un tr\u00e8s beau souvenir. Madeline et ses invit\u00e9s ont eu la chance d\u2019\u00eatre accueillis comme des rois, et en plus, nous avons eu la chance de rencontrer de tr\u00e8s belles personnes.<\/p>\n<p>Ce fut \u00e9galement un tr\u00e8s grand plaisir de faire la connaissance de Marianne Fatton et Arnaud Guex qui ont beaucoup de joie de vivre et de passion \u00e0 partager. De plus, durant cette magnifique journ\u00e9e, dans un endroit splendide, Madeline a pris beaucoup de plaisir \u00e0 partager sa passion avec des personnes r\u00e9ellement int\u00e9ress\u00e9es, qui ont vibr\u00e9 avec vos 4 espoirs.<\/p>\n<p>Nous tenions \u00e0 remercier chaleureusement tous les donateurs, sans qui cela ne serait pas possible, mais \u00e9galement Dominique Bovey pour sa disponibilit\u00e9 et sa gentillesse tout au long de cette ann\u00e9e 2016.<\/p>\n<p>Madeline est repartie \u00e0 Plymouth, pleine de R\u00eave dans la t\u00eate et surtout encore plus motiv\u00e9e que jamais! MERCI<\/p>\n<p>Nous ne manquerons pas de vous donner des nouvelles des futurs grands moments de Madeline.<\/p>\n<p>Nous souhaitons beaucoup de succ\u00e8s \u00e0 la Fondation \u00ab\u00a0Vivre sont R\u00eave\u00a0\u00bb<br \/>\nNos salutations les plus sinc\u00e8res<\/p>\n<p>Madeline, Nathalie et Alexandre.<\/p>\n","protected":false},"excerpt":{"rendered":"<p>Cher Pr\u00e9sident, Chers Membres de Vivre son R\u00eave, Ch\u00e8re Dominique, Vendredi 14 octobre 2016, nous avons eu la chance de participer \u00e0 la journ\u00e9e \u00abVivre son R\u00eave\u00bb. Pour nous, cela restera un tr\u00e8s beau souvenir. Madeline et ses invit\u00e9s ont eu la chance d\u2019\u00eatre accueillis comme des rois, et en plus, nous avons eu la [&hellip;]<\/p>\n","protected":false},"author":2,"featured_media":0,"comment_status":"closed","ping_status":"closed","sticky":false,"template":"","format":"standard","meta":{"_et_pb_use_builder":"","_et_pb_old_content":"","_et_gb_content_width":"","footnotes":""},"categories":[11],"tags":[],"class_list":["post-1981","post","type-post","status-publish","format-standard","hentry","category-association"],"_links":{"self":[{"href":"https:\/\/vivresonreve.ch\/index.php?rest_route=\/wp\/v2\/posts\/1981","targetHints":{"allow":["GET"]}}],"collection":[{"href":"https:\/\/vivresonreve.ch\/index.php?rest_route=\/wp\/v2\/posts"}],"about":[{"href":"https:\/\/vivresonreve.ch\/index.php?rest_route=\/wp\/v2\/types\/post"}],"author":[{"embeddable":true,"href":"https:\/\/vivresonreve.ch\/index.php?rest_route=\/wp\/v2\/users\/2"}],"replies":[{"embeddable":true,"href":"https:\/\/vivresonreve.ch\/index.php?rest_route=%2Fwp%2Fv2%2Fcomments&post=1981"}],"version-history":[{"count":2,"href":"https:\/\/vivresonreve.ch\/index.php?rest_route=\/wp\/v2\/posts\/1981\/revisions"}],"predecessor-version":[{"id":1983,"href":"https:\/\/vivresonreve.ch\/index.php?rest_route=\/wp\/v2\/posts\/1981\/revisions\/1983"}],"wp:attachment":[{"href":"https:\/\/vivresonreve.ch\/index.php?rest_route=%2Fwp%2Fv2%2Fmedia&parent=1981"}],"wp:term":[{"taxonomy":"category","embeddable":true,"href":"https:\/\/vivresonreve.ch\/index.php?rest_route=%2Fwp%2Fv2%2Fcategories&post=1981"},{"taxonomy":"post_tag","embeddable":true,"href":"https:\/\/vivresonreve.ch\/index.php?rest_route=%2Fwp%2Fv2%2Ftags&post=1981"}],"curies":[{"name":"wp","href":"https:\/\/api.w.org\/{rel}","templated":true}]}}