{"id":1867,"date":"2016-06-10T08:24:41","date_gmt":"2016-06-10T08:24:41","guid":{"rendered":"http:\/\/vivresonreve.ch\/?p=1867"},"modified":"2016-11-01T12:51:42","modified_gmt":"2016-11-01T12:51:42","slug":"madeline-depuis-londres","status":"publish","type":"post","link":"https:\/\/vivresonreve.ch\/?p=1867","title":{"rendered":"Madeline depuis Londres"},"content":{"rendered":"<p>Bonjour, quelques nouvelles du c\u00f4t\u00e9 plongeon fribourgeois<\/p>\n<p>Mardi 10 mai ont commenc\u00e9 les Championnats d&rsquo;Europe Elite (toutes cat\u00e9gories confondues ) \u00e0 Londres.<br \/>\nPour ma toute premi\u00e8re exp\u00e9rience au niveau europ\u00e9en \u00e9lite , ce fut incroyable! Premi\u00e8rement la competition avait lieu dans la piscine Olympique de Londres 2012&#8230; Samedi j\u2019ai particip\u00e9 \u00e0 3m individuel, avec une liste de plongeons relativement faciles comparativement \u00a0aux meilleures europ\u00e9ennes mais j\u2019ai r\u00e9ussi \u00e0 me d\u00e9fendre.<\/p>\n<p>Tout d&rsquo;abord mes 2 premiers plongeons ( 2,5 retourn\u00e9 et 3,5 avant) ont \u00e9t\u00e9 un peu ab\u00eem\u00e9s du \u00e0 la nervosit\u00e9 mais ensuite j&rsquo;ai montr\u00e9 deux superbes plongeons ( 2,5 arri\u00e8re et 2,5 renvers\u00e9) \u00a0et pour finir avec un plongeon un peu plus difficile assez bien ex\u00e9cut\u00e9. Pour terminer au 20\u00e8me rang et ma coll\u00e8gue Suisse au 22 rang. il a fallu g\u00e9rer une piscine totalement pleine de spectateurs et les cam\u00e9ras pour la t\u00e9l\u00e9vision. Le dimanche pour le plongeon synchronis\u00e9, la piscine \u00e9tait encore plus pleine vu qu\u2019on passait juste apr\u00e8s le plongeurs le plus c\u00e9l\u00e8bres en Angleterre \u00abTom Daley\u00bb, m\u00e9daill\u00e9 aux JO. On a pris la competition avec beaucoup de plaisir et Vivian Barth \u00e9tait venue une semaine avant \u00e0 Plymouth afin de nous pr\u00e9parer.\u00a0Au final, nous terminons 7\u00e8me avec notre record\u00a0de points et nous avons atteint tous nos objectifs! On a tellement eu de plaisir \u00e0 plonger, c\u2019\u00e9tait incroyable ! De plus, plonger avec toutes les stars europ\u00e9ennes du plongeon et \u00eatre avec une team Suisse plus grande que jamais, 6 plongeurs Suisse en tout. Mon entra\u00eeneur, Carmen Stritt Burk \u00e9tait aussi pr\u00e9sente mais en tant que juge et comme premi\u00e8re supportrice, un grand merci \u00e0 elle ! Mon p\u00e8re a aussi fait le d\u00e9placement pour nous voir et nous supporter. \u00c7a fait plaisir de revoir les suisses apr\u00e8s avoir \u00e9t\u00e9 s\u00e9parer d\u2019eux par mon d\u00e9m\u00e9nagement en Angleterre!<\/p>\n<p>Bref, Londres a \u00e9t\u00e9 une exp\u00e9rience inoubliable et on peut voir que \u00a0le travail \u00a0paye! Il reste beaucoup de marge de travail, pour mes prochaines \u00e9ch\u00e9ances: les Championnat Suisse Elite \u00a0\u00e0 Thun, \u00a0les Championnats d\u2019Europe jJunior en Croatie puis les Championnats Suisse Junior et un Grand Prix Elite \u00e0 Bolzano ! Tout \u00e7a avec quelques examens scolaires entre deux !<\/p>\n<p>Merci \u00e0 vous !<\/p>\n<p>&nbsp;<\/p>\n<p>Madeline<\/p>\n","protected":false},"excerpt":{"rendered":"<p>Bonjour, quelques nouvelles du c\u00f4t\u00e9 plongeon fribourgeois Mardi 10 mai ont commenc\u00e9 les Championnats d&rsquo;Europe Elite (toutes cat\u00e9gories confondues ) \u00e0 Londres. Pour ma toute premi\u00e8re exp\u00e9rience au niveau europ\u00e9en \u00e9lite , ce fut incroyable! Premi\u00e8rement la competition avait lieu dans la piscine Olympique de Londres 2012&#8230; Samedi j\u2019ai particip\u00e9 \u00e0 3m individuel, avec une [&hellip;]<\/p>\n","protected":false},"author":2,"featured_media":0,"comment_status":"closed","ping_status":"closed","sticky":true,"template":"","format":"standard","meta":{"_et_pb_use_builder":"","_et_pb_old_content":"","_et_gb_content_width":"","footnotes":""},"categories":[18],"tags":[],"class_list":["post-1867","post","type-post","status-publish","format-standard","hentry","category-madeline"],"_links":{"self":[{"href":"https:\/\/vivresonreve.ch\/index.php?rest_route=\/wp\/v2\/posts\/1867","targetHints":{"allow":["GET"]}}],"collection":[{"href":"https:\/\/vivresonreve.ch\/index.php?rest_route=\/wp\/v2\/posts"}],"about":[{"href":"https:\/\/vivresonreve.ch\/index.php?rest_route=\/wp\/v2\/types\/post"}],"author":[{"embeddable":true,"href":"https:\/\/vivresonreve.ch\/index.php?rest_route=\/wp\/v2\/users\/2"}],"replies":[{"embeddable":true,"href":"https:\/\/vivresonreve.ch\/index.php?rest_route=%2Fwp%2Fv2%2Fcomments&post=1867"}],"version-history":[{"count":3,"href":"https:\/\/vivresonreve.ch\/index.php?rest_route=\/wp\/v2\/posts\/1867\/revisions"}],"predecessor-version":[{"id":1871,"href":"https:\/\/vivresonreve.ch\/index.php?rest_route=\/wp\/v2\/posts\/1867\/revisions\/1871"}],"wp:attachment":[{"href":"https:\/\/vivresonreve.ch\/index.php?rest_route=%2Fwp%2Fv2%2Fmedia&parent=1867"}],"wp:term":[{"taxonomy":"category","embeddable":true,"href":"https:\/\/vivresonreve.ch\/index.php?rest_route=%2Fwp%2Fv2%2Fcategories&post=1867"},{"taxonomy":"post_tag","embeddable":true,"href":"https:\/\/vivresonreve.ch\/index.php?rest_route=%2Fwp%2Fv2%2Ftags&post=1867"}],"curies":[{"name":"wp","href":"https:\/\/api.w.org\/{rel}","templated":true}]}}