{"id":1632,"date":"2015-11-11T08:50:53","date_gmt":"2015-11-11T08:50:53","guid":{"rendered":"http:\/\/vivresonreve.ch\/?p=1632"},"modified":"2016-11-01T12:51:42","modified_gmt":"2016-11-01T12:51:42","slug":"leo-au-red-bull-velodux-estavayer-le-lac","status":"publish","type":"post","link":"https:\/\/vivresonreve.ch\/?p=1632","title":{"rendered":"L\u00e9o au Red Bull Velodux, Estavayer-le-lac"},"content":{"rendered":"<p><a href=\"https:\/\/vivresonreve.ch\/wp-content\/uploads\/2015\/11\/logo-velodux.png\"><img loading=\"lazy\" decoding=\"async\" class=\" wp-image-1633 alignleft\" src=\"https:\/\/vivresonreve.ch\/wp-content\/uploads\/2015\/11\/logo-velodux.png\" alt=\"logo-velodux\" width=\"267\" height=\"239\" \/><\/a><\/p>\n<p>Ce week-end j&rsquo;effectuais ma 1\u00e8re course de cyclocross de la saison 2015-16.<br \/>\nUne course un peu sp\u00e9ciale puisque il s&rsquo;agissait du RedBull Velodux. Un cyclocross en relais \u00e0 l&rsquo;am\u00e9ricaine dans un parcours m\u00e9langeant terrain, ville, travers\u00e9e du ch\u00e2teau et descente de 104 marches d&rsquo;escaliers par tour. Je me suis align\u00e9 sur la course Rookie (cat\u00e9gorie d&rsquo;\u00e2ge) avec mon co\u00e9quipier de Team, R\u00e9my D\u00e9nervaud \u00e0 10h30, malgr\u00e9 une grosse chute de mon co\u00e9quipier et de plusieurs ennuis m\u00e9caniques nous terminons \u00e0 une excellente 2e place. Un coll\u00e8gue d&rsquo;\u00e9quipe, Arnaud Hertling n&rsquo;avait pas de co\u00e9quipiers pour la course Open (course tout \u00e2ge), je me suis donc align\u00e9 pour une 2e course \u00e0 13h15 o\u00f9, \u00e9pargn\u00e9 par les probl\u00e8mes nous\u00a0avons pu prendre la 1\u00e8re place et gagner le RedBull Velodux. Un super d\u00e9but pour moi dans cette discipline.<\/p>\n<p><a href=\"http:\/\/www.redbull.com\/ch\/fr\/bike\/stories\/1331758404352\/red-bull-velodux-action-clip\" target=\"_blank\">http:\/\/www.redbull.com\/ch\/fr\/bike\/stories\/1331758404352\/red-bull-velodux-action-clip<\/a><\/p>\n","protected":false},"excerpt":{"rendered":"<p>Ce week-end j&rsquo;effectuais ma 1\u00e8re course de cyclocross de la saison 2015-16. Une course un peu sp\u00e9ciale puisque il s&rsquo;agissait du RedBull Velodux. Un cyclocross en relais \u00e0 l&rsquo;am\u00e9ricaine dans un parcours m\u00e9langeant terrain, ville, travers\u00e9e du ch\u00e2teau et descente de 104 marches d&rsquo;escaliers par tour. Je me suis align\u00e9 sur la course Rookie (cat\u00e9gorie [&hellip;]<\/p>\n","protected":false},"author":2,"featured_media":0,"comment_status":"closed","ping_status":"open","sticky":true,"template":"","format":"standard","meta":{"_et_pb_use_builder":"","_et_pb_old_content":"","_et_gb_content_width":"","footnotes":""},"categories":[11],"tags":[],"class_list":["post-1632","post","type-post","status-publish","format-standard","hentry","category-association"],"_links":{"self":[{"href":"https:\/\/vivresonreve.ch\/index.php?rest_route=\/wp\/v2\/posts\/1632","targetHints":{"allow":["GET"]}}],"collection":[{"href":"https:\/\/vivresonreve.ch\/index.php?rest_route=\/wp\/v2\/posts"}],"about":[{"href":"https:\/\/vivresonreve.ch\/index.php?rest_route=\/wp\/v2\/types\/post"}],"author":[{"embeddable":true,"href":"https:\/\/vivresonreve.ch\/index.php?rest_route=\/wp\/v2\/users\/2"}],"replies":[{"embeddable":true,"href":"https:\/\/vivresonreve.ch\/index.php?rest_route=%2Fwp%2Fv2%2Fcomments&post=1632"}],"version-history":[{"count":6,"href":"https:\/\/vivresonreve.ch\/index.php?rest_route=\/wp\/v2\/posts\/1632\/revisions"}],"predecessor-version":[{"id":1642,"href":"https:\/\/vivresonreve.ch\/index.php?rest_route=\/wp\/v2\/posts\/1632\/revisions\/1642"}],"wp:attachment":[{"href":"https:\/\/vivresonreve.ch\/index.php?rest_route=%2Fwp%2Fv2%2Fmedia&parent=1632"}],"wp:term":[{"taxonomy":"category","embeddable":true,"href":"https:\/\/vivresonreve.ch\/index.php?rest_route=%2Fwp%2Fv2%2Fcategories&post=1632"},{"taxonomy":"post_tag","embeddable":true,"href":"https:\/\/vivresonreve.ch\/index.php?rest_route=%2Fwp%2Fv2%2Ftags&post=1632"}],"curies":[{"name":"wp","href":"https:\/\/api.w.org\/{rel}","templated":true}]}}