{"id":1598,"date":"2015-09-22T15:56:33","date_gmt":"2015-09-22T15:56:33","guid":{"rendered":"http:\/\/vivresonreve.ch\/?p=1598"},"modified":"2016-11-01T12:51:42","modified_gmt":"2016-11-01T12:51:42","slug":"leo-a-bad-sackingen","status":"publish","type":"post","link":"https:\/\/vivresonreve.ch\/?p=1598","title":{"rendered":"L\u00e9o \u00e0 Bad S\u00e4ckingen"},"content":{"rendered":"<p><strong>Bad S\u00e4ckingen HC (Hors cat\u00e9gorie) U23<\/strong><br \/>\nCette course \u00e9tait l\u2019occasion d\u2019emmagasiner encore de l\u2019exp\u00e9rience au niveau international. Je partais pour la premi\u00e8re fois dans cette cat\u00e9gorie avec un relativement bon dossard (gr\u00e2ce \u00e0 mes points obtenus en Croatie). J\u2019ai donc pu accrocher un bon groupe et termine \u00e0 une bonne 18e\u00a0place. Les courses hors cat\u00e9gorie comme celles-ci sont les plus relev\u00e9es apr\u00e8s les coupes du monde je suis donc super content de ma forme en cette fin de saison.<\/p>\n","protected":false},"excerpt":{"rendered":"<p>Bad S\u00e4ckingen HC (Hors cat\u00e9gorie) U23 Cette course \u00e9tait l\u2019occasion d\u2019emmagasiner encore de l\u2019exp\u00e9rience au niveau international. Je partais pour la premi\u00e8re fois dans cette cat\u00e9gorie avec un relativement bon dossard (gr\u00e2ce \u00e0 mes points obtenus en Croatie). J\u2019ai donc pu accrocher un bon groupe et termine \u00e0 une bonne 18e\u00a0place. Les courses hors cat\u00e9gorie [&hellip;]<\/p>\n","protected":false},"author":2,"featured_media":0,"comment_status":"closed","ping_status":"open","sticky":false,"template":"","format":"standard","meta":{"_et_pb_use_builder":"","_et_pb_old_content":"","_et_gb_content_width":"","footnotes":""},"categories":[11],"tags":[],"class_list":["post-1598","post","type-post","status-publish","format-standard","hentry","category-association"],"_links":{"self":[{"href":"https:\/\/vivresonreve.ch\/index.php?rest_route=\/wp\/v2\/posts\/1598","targetHints":{"allow":["GET"]}}],"collection":[{"href":"https:\/\/vivresonreve.ch\/index.php?rest_route=\/wp\/v2\/posts"}],"about":[{"href":"https:\/\/vivresonreve.ch\/index.php?rest_route=\/wp\/v2\/types\/post"}],"author":[{"embeddable":true,"href":"https:\/\/vivresonreve.ch\/index.php?rest_route=\/wp\/v2\/users\/2"}],"replies":[{"embeddable":true,"href":"https:\/\/vivresonreve.ch\/index.php?rest_route=%2Fwp%2Fv2%2Fcomments&post=1598"}],"version-history":[{"count":1,"href":"https:\/\/vivresonreve.ch\/index.php?rest_route=\/wp\/v2\/posts\/1598\/revisions"}],"predecessor-version":[{"id":1599,"href":"https:\/\/vivresonreve.ch\/index.php?rest_route=\/wp\/v2\/posts\/1598\/revisions\/1599"}],"wp:attachment":[{"href":"https:\/\/vivresonreve.ch\/index.php?rest_route=%2Fwp%2Fv2%2Fmedia&parent=1598"}],"wp:term":[{"taxonomy":"category","embeddable":true,"href":"https:\/\/vivresonreve.ch\/index.php?rest_route=%2Fwp%2Fv2%2Fcategories&post=1598"},{"taxonomy":"post_tag","embeddable":true,"href":"https:\/\/vivresonreve.ch\/index.php?rest_route=%2Fwp%2Fv2%2Ftags&post=1598"}],"curies":[{"name":"wp","href":"https:\/\/api.w.org\/{rel}","templated":true}]}}