{"id":1594,"date":"2015-09-22T15:54:16","date_gmt":"2015-09-22T15:54:16","guid":{"rendered":"http:\/\/vivresonreve.ch\/?p=1594"},"modified":"2016-11-01T12:51:42","modified_gmt":"2016-11-01T12:51:42","slug":"leo-en-croatie","status":"publish","type":"post","link":"https:\/\/vivresonreve.ch\/?p=1594","title":{"rendered":"L\u00e9o en Croatie"},"content":{"rendered":"<p><strong>Course international C2 en Croatie &#8211; cat\u00e9gorie \u00e9lite<\/strong><br \/>\nApr\u00e8s avoir rat\u00e9 mon d\u00e9part, je suis remont\u00e9 petit \u00e0 petit, la course ayant dur\u00e9e plus de 1h55 (contre 1h15-1h30 d\u2019habitude), j\u2019ai pu termin\u00e9 \u00e0 une excellent 7e\u00a0place, significative de 6 pr\u00e9cieux points UCI. Je termine \u00e9galement 2e U23 de cette course derri\u00e8re le 22e des championnats du monde U23. De plus, je termine \u00e0 8 secondes du 9e\u00a0des derniers jeux olympiques de Londres, super motivant pour la suite\u00a0!<\/p>\n<p>Ces points me permettront de partir avec un meilleur\u00a0dossard sur les prochaines courses internationales et pour l&rsquo;ann\u00e9e prochaine en coupe du monde \u00e9galement.<\/p>\n","protected":false},"excerpt":{"rendered":"<p>Course international C2 en Croatie &#8211; cat\u00e9gorie \u00e9lite Apr\u00e8s avoir rat\u00e9 mon d\u00e9part, je suis remont\u00e9 petit \u00e0 petit, la course ayant dur\u00e9e plus de 1h55 (contre 1h15-1h30 d\u2019habitude), j\u2019ai pu termin\u00e9 \u00e0 une excellent 7e\u00a0place, significative de 6 pr\u00e9cieux points UCI. Je termine \u00e9galement 2e U23 de cette course derri\u00e8re le 22e des championnats [&hellip;]<\/p>\n","protected":false},"author":2,"featured_media":0,"comment_status":"closed","ping_status":"open","sticky":false,"template":"","format":"standard","meta":{"_et_pb_use_builder":"","_et_pb_old_content":"","_et_gb_content_width":"","footnotes":""},"categories":[11],"tags":[],"class_list":["post-1594","post","type-post","status-publish","format-standard","hentry","category-association"],"_links":{"self":[{"href":"https:\/\/vivresonreve.ch\/index.php?rest_route=\/wp\/v2\/posts\/1594","targetHints":{"allow":["GET"]}}],"collection":[{"href":"https:\/\/vivresonreve.ch\/index.php?rest_route=\/wp\/v2\/posts"}],"about":[{"href":"https:\/\/vivresonreve.ch\/index.php?rest_route=\/wp\/v2\/types\/post"}],"author":[{"embeddable":true,"href":"https:\/\/vivresonreve.ch\/index.php?rest_route=\/wp\/v2\/users\/2"}],"replies":[{"embeddable":true,"href":"https:\/\/vivresonreve.ch\/index.php?rest_route=%2Fwp%2Fv2%2Fcomments&post=1594"}],"version-history":[{"count":2,"href":"https:\/\/vivresonreve.ch\/index.php?rest_route=\/wp\/v2\/posts\/1594\/revisions"}],"predecessor-version":[{"id":1600,"href":"https:\/\/vivresonreve.ch\/index.php?rest_route=\/wp\/v2\/posts\/1594\/revisions\/1600"}],"wp:attachment":[{"href":"https:\/\/vivresonreve.ch\/index.php?rest_route=%2Fwp%2Fv2%2Fmedia&parent=1594"}],"wp:term":[{"taxonomy":"category","embeddable":true,"href":"https:\/\/vivresonreve.ch\/index.php?rest_route=%2Fwp%2Fv2%2Fcategories&post=1594"},{"taxonomy":"post_tag","embeddable":true,"href":"https:\/\/vivresonreve.ch\/index.php?rest_route=%2Fwp%2Fv2%2Ftags&post=1594"}],"curies":[{"name":"wp","href":"https:\/\/api.w.org\/{rel}","templated":true}]}}