{"id":1527,"date":"2015-08-26T15:15:33","date_gmt":"2015-08-26T15:15:33","guid":{"rendered":"http:\/\/vivresonreve.ch\/?p=1527"},"modified":"2016-11-01T12:51:42","modified_gmt":"2016-11-01T12:51:42","slug":"leo-a-via-di-sole","status":"publish","type":"post","link":"https:\/\/vivresonreve.ch\/?p=1527","title":{"rendered":"L\u00e9o \u00e0 Val Di Sole"},"content":{"rendered":"<p><strong>Finale de la coupe du monde \u00e0 Val di Sole\u00a0(ITA) &#8211; cat\u00e9gorie U23 :<br \/>\n<\/strong>En faisant le d\u00e9placement sur la finale de la coupe du monde, je r\u00e9alisais un autre objectif de ma saison, participer \u00e0 4 coupes du monde alors que je ne suis qu\u2019en 1e\u00a0ann\u00e9e sur 4 dans la cat\u00e9gorie U23.<br \/>\nLe parcours \u00e9tait tr\u00e8s difficile mais me plaisait beaucoup. Je partais avec le dossard 119 et savait qu\u2019il serait difficile de remonter sur un parcours o\u00f9 il est tr\u00e8s difficile de d\u00e9passer. 80e\u00a0apr\u00e8s 6 minutes de courses (et donc 40 places de gagner), j\u2019\u00e9tais pr\u00eat \u00e0 continuer \u00e0 remonter des concurrents. Malheureusement, les jambes ne r\u00e9pondaient pas et je n\u2019ai pu que maintenir cette place jusqu\u2019au dernier tour et terminer 78e. Je suis d\u00e9\u00e7u du r\u00e9sultat mais au final l\u2019important \u00e9tait d\u2019emmagasiner de l\u2019exp\u00e9rience \u00e0 ce niveau et c\u2019est chose faite cette ann\u00e9e.<br \/>\nJe ne retiendrai que du positif.<\/p>\n<p><strong>\u00a0<\/strong><\/p>\n","protected":false},"excerpt":{"rendered":"<p>Finale de la coupe du monde \u00e0 Val di Sole\u00a0(ITA) &#8211; cat\u00e9gorie U23 : En faisant le d\u00e9placement sur la finale de la coupe du monde, je r\u00e9alisais un autre objectif de ma saison, participer \u00e0 4 coupes du monde alors que je ne suis qu\u2019en 1e\u00a0ann\u00e9e sur 4 dans la cat\u00e9gorie U23. Le parcours [&hellip;]<\/p>\n","protected":false},"author":2,"featured_media":0,"comment_status":"closed","ping_status":"open","sticky":false,"template":"","format":"standard","meta":{"_et_pb_use_builder":"","_et_pb_old_content":"","_et_gb_content_width":"","footnotes":""},"categories":[11],"tags":[],"class_list":["post-1527","post","type-post","status-publish","format-standard","hentry","category-association"],"_links":{"self":[{"href":"https:\/\/vivresonreve.ch\/index.php?rest_route=\/wp\/v2\/posts\/1527","targetHints":{"allow":["GET"]}}],"collection":[{"href":"https:\/\/vivresonreve.ch\/index.php?rest_route=\/wp\/v2\/posts"}],"about":[{"href":"https:\/\/vivresonreve.ch\/index.php?rest_route=\/wp\/v2\/types\/post"}],"author":[{"embeddable":true,"href":"https:\/\/vivresonreve.ch\/index.php?rest_route=\/wp\/v2\/users\/2"}],"replies":[{"embeddable":true,"href":"https:\/\/vivresonreve.ch\/index.php?rest_route=%2Fwp%2Fv2%2Fcomments&post=1527"}],"version-history":[{"count":3,"href":"https:\/\/vivresonreve.ch\/index.php?rest_route=\/wp\/v2\/posts\/1527\/revisions"}],"predecessor-version":[{"id":1531,"href":"https:\/\/vivresonreve.ch\/index.php?rest_route=\/wp\/v2\/posts\/1527\/revisions\/1531"}],"wp:attachment":[{"href":"https:\/\/vivresonreve.ch\/index.php?rest_route=%2Fwp%2Fv2%2Fmedia&parent=1527"}],"wp:term":[{"taxonomy":"category","embeddable":true,"href":"https:\/\/vivresonreve.ch\/index.php?rest_route=%2Fwp%2Fv2%2Fcategories&post=1527"},{"taxonomy":"post_tag","embeddable":true,"href":"https:\/\/vivresonreve.ch\/index.php?rest_route=%2Fwp%2Fv2%2Ftags&post=1527"}],"curies":[{"name":"wp","href":"https:\/\/api.w.org\/{rel}","templated":true}]}}